{"id":15398,"date":"2023-03-30T16:11:17","date_gmt":"2023-03-30T19:11:17","guid":{"rendered":"https:\/\/acrj.org.br\/?p=15398"},"modified":"2023-03-30T16:11:19","modified_gmt":"2023-03-30T19:11:19","slug":"daniel-homem-de-carvalho-recebe-representante-da-semove-e-discute-transporte-publico-no-rio","status":"publish","type":"post","link":"https:\/\/acrj.org.br\/index.php\/2023\/03\/30\/daniel-homem-de-carvalho-recebe-representante-da-semove-e-discute-transporte-publico-no-rio\/","title":{"rendered":"Daniel Homem de Carvalho recebe representante da Semove e discute transporte p\u00fablico no Rio"},"content":{"rendered":"\n<p>O presidente em exerc\u00edcio da ACRJ, Daniel Homem de Carvalho, recebeu, nesta quarta-feira, dia 29\/3, a visita do vice-presidente de Rela\u00e7\u00f5es Institucionais da Semove, \u00a0Rodrigo Tortoriello. A entidade representa 184 empresas de \u00f4nibus em todo o Estado do Rio. No encontro, Tortoriello apresentou propostas para a reestrutura\u00e7\u00e3o do transporte rodovi\u00e1rio e melhoria da qualidade do servi\u00e7o, inclusive para a redu\u00e7\u00e3o da tarifa, de forma a contribuir com a evolu\u00e7\u00e3o da mobilidade urbana na cidade do Rio e na Regi\u00e3o Metropolitana.<\/p>\n\n\n\n<p>Um dos pontos abordados durante a reuni\u00e3o foi a import\u00e2ncia de priorizar o transporte coletivo frente ao individual, facilitando e agilizando o deslocamento da popula\u00e7\u00e3o. Tortoriello ressaltou o papel decisivo desempenhado pelo transporte por \u00f4nibus no Estado, respons\u00e1vel diariamente pelo deslocamento de mais de 5 milh\u00f5es de passageiros, promovendo a inclus\u00e3o social e viabilizando as atividades econ\u00f4micas.<\/p>\n\n\n\n<p>Daniel Homem de Carvalho destacou que \u00e9 importante reconhecer as iniciativas, tanto do munic\u00edpio como do Estado, para a recupera\u00e7\u00e3o do transporte p\u00fablico. \u201cMas \u00e9 fundamental buscar o equil\u00edbrio econ\u00f4mico-financeiro dos sistemas de transporte, especialmente do setor de \u00f4nibus, respons\u00e1vel pelo deslocamento de 70% da popula\u00e7\u00e3o que usa o transporte p\u00fablico. Grande parte deste p\u00fablico \u00e9 for\u00e7a de trabalho no setor de servi\u00e7os e do com\u00e9rcio\u201d, complementou.<\/p>\n\n\n\n<p>Ele destacou ainda que \u00e9 preciso avan\u00e7ar no entendimento de que o transporte p\u00fablico coletivo beneficia n\u00e3o apenas os passageiros, mas toda a popula\u00e7\u00e3o. \u201cPrecisamos preservar e desenvolver a mobilidade, fortalecendo o sistema p\u00fablico de transporte, estabelecendo tarifas acess\u00edveis que n\u00e3o onerem seus usu\u00e1rios. \u00c9 o momento de consolidar a pol\u00edtica da tarifa social criada pelo governo do estado\u201d, afirmou o presidente.<\/p>\n\n\n\n<p>O vice-presidente da Semove destacou ainda o novo momento da entidade, que passou por um amplo processo de reestrutura\u00e7\u00e3o nos \u00faltimos cinco anos com a ado\u00e7\u00e3o de uma nova governan\u00e7a corporativa, que valoriza a transpar\u00eancia, a \u00e9tica e a integridade. Ele lembrou que no \u00faltimo dia 21 foi lan\u00e7ado, em evento na pr\u00f3pria ACRJ, o Guia de Governan\u00e7a da Semove, que contou com a presen\u00e7a de empres\u00e1rios e especialistas em mobilidade, que assistiram \u00e0 palestra do consultor S\u00e9rgio Avelleda, um dos maiores especialistas no tema no pa\u00eds, ex-presidente do sistema de trens e do metr\u00f4 de S\u00e3o Paulo.<\/p>\n","protected":false},"excerpt":{"rendered":"<p>O presidente em exerc\u00edcio da ACRJ, Daniel Homem de Carvalho, recebeu, nesta quarta-feira, dia 29\/3, a visita do vice-presidente de Rela\u00e7\u00f5es Institucionais da Semove, \u00a0Rodrigo&hellip;<\/p>\n","protected":false},"author":3,"featured_media":15399,"comment_status":"closed","ping_status":"closed","sticky":false,"template":"","format":"standard","meta":{"_exactmetrics_skip_tracking":false,"_exactmetrics_sitenote_active":false,"_exactmetrics_sitenote_note":"","_exactmetrics_sitenote_category":0,"footnotes":""},"categories":[10],"tags":[],"class_list":["post-15398","post","type-post","status-publish","format-standard","has-post-thumbnail","hentry","category-noticias"],"_links":{"self":[{"href":"https:\/\/acrj.org.br\/index.php\/wp-json\/wp\/v2\/posts\/15398","targetHints":{"allow":["GET"]}}],"collection":[{"href":"https:\/\/acrj.org.br\/index.php\/wp-json\/wp\/v2\/posts"}],"about":[{"href":"https:\/\/acrj.org.br\/index.php\/wp-json\/wp\/v2\/types\/post"}],"author":[{"embeddable":true,"href":"https:\/\/acrj.org.br\/index.php\/wp-json\/wp\/v2\/users\/3"}],"replies":[{"embeddable":true,"href":"https:\/\/acrj.org.br\/index.php\/wp-json\/wp\/v2\/comments?post=15398"}],"version-history":[{"count":0,"href":"https:\/\/acrj.org.br\/index.php\/wp-json\/wp\/v2\/posts\/15398\/revisions"}],"wp:featuredmedia":[{"embeddable":true,"href":"https:\/\/acrj.org.br\/index.php\/wp-json\/wp\/v2\/media\/15399"}],"wp:attachment":[{"href":"https:\/\/acrj.org.br\/index.php\/wp-json\/wp\/v2\/media?parent=15398"}],"wp:term":[{"taxonomy":"category","embeddable":true,"href":"https:\/\/acrj.org.br\/index.php\/wp-json\/wp\/v2\/categories?post=15398"},{"taxonomy":"post_tag","embeddable":true,"href":"https:\/\/acrj.org.br\/index.php\/wp-json\/wp\/v2\/tags?post=15398"}],"curies":[{"name":"wp","href":"https:\/\/api.w.org\/{rel}","templated":true}]}}