{"id":15373,"date":"2023-03-30T16:18:00","date_gmt":"2023-03-30T19:18:00","guid":{"rendered":"https:\/\/acrj.org.br\/?p=15373"},"modified":"2023-03-30T14:57:02","modified_gmt":"2023-03-30T17:57:02","slug":"acrj-esta-apoiando-a-missao-empresarial-oeiras-valley-no-rio-de-janeiro","status":"publish","type":"post","link":"https:\/\/acrj.org.br\/index.php\/2023\/03\/30\/acrj-esta-apoiando-a-missao-empresarial-oeiras-valley-no-rio-de-janeiro\/","title":{"rendered":"ACRJ apoia a Miss\u00e3o Empresarial Oeiras Valley no Rio de Janeiro"},"content":{"rendered":"\n<p>A <strong>Associa\u00e7\u00e3o Comercial do Rio de Janeiro <\/strong>est\u00e1 apoiando a miss\u00e3o empresarial promovida pelo projeto Oeiras Valley no Brasil, entre os dias 17 e 19 de abril. O evento acontece no Rio de Janeiro, dia 17, na sede da Fecom\u00e9rcio RJ, no Esp\u00edrito Santo, dia 18, e em S\u00e3o Paulo, dia 19. Em todas as edi\u00e7\u00f5es, a miss\u00e3o espera reunir empres\u00e1rios para um interc\u00e2mbio de informa\u00e7\u00f5es sobre o fomento \u00e0 ind\u00fastria criativa, al\u00e9m da apresenta\u00e7\u00e3o dos diferenciais e atrativos competitivos do destino Oeiras Valley para investimentos.<\/p>\n\n\n\n<p>O munic\u00edpio portugu\u00eas de Oeiras j\u00e1 \u00e9 refer\u00eancia para a ci\u00eancia e a tecnologia, sendo sede de laborat\u00f3rios de ci\u00eancia de refer\u00eancia global, por reunir condi\u00e7\u00f5es \u00edmpares em n\u00edvel nacional e internacional que posicionam o territ\u00f3rio como um ecossistema no \u00e2mbito do desenvolvimento de I&amp;D (Investiga\u00e7\u00e3o e Desenvolvimento), empreendedorismo, atra\u00e7\u00e3o de empresas e promo\u00e7\u00e3o da ci\u00eancia.<\/p>\n\n\n\n<p>Para atrair e manter investimentos, o Oeira Valley oferece suporte 360 graus \u00e0 promo\u00e7\u00e3o do investimento e desenvolvimento territorial por meio de incentivos, parcerias, capital humano, infraestrutura etc. Seguran\u00e7a tamb\u00e9m \u00e9 um dos benef\u00edcios, com taxa de criminalidade mais de dez pontos percentuais menores que as de Lisboa.<br>O munic\u00edpio tamb\u00e9m aposta nos pilares de educa\u00e7\u00e3o e cultura para construir um modelo sustent\u00e1vel de inova\u00e7\u00e3o. Um exemplo \u00e9 o programa Oeiras Educa, que interliga as escolas, as fam\u00edlias e a comunidade, com o objetivo de ter em Oeiras os melhores alunos do pa\u00eds. Ao mesmo tempo, tem sido fomentado um perfil cultural que posiciona a cidade como um dos polos mais importantes das artes, do espet\u00e1culo e da inova\u00e7\u00e3o e criatividade.<\/p>\n\n\n\n<p>\u201cEstamos criando condi\u00e7\u00f5es para tornar Oeiras o maior viveiro de inova\u00e7\u00e3o, criatividade e tecnologia em Portugal. Queremos fazer de Oeiras o maior ecossistema de inova\u00e7\u00e3o do pa\u00eds, favorecendo a instala\u00e7\u00e3o de empresas de base tecnol\u00f3gica, farmac\u00eautica, nanotecnologia e investiga\u00e7\u00e3o oceanogr\u00e1fica, estimulando a cria\u00e7\u00e3o de empregos com alto valor acrescentado. Para isso, um dos eixos da nossa estrat\u00e9gia de desenvolvimento passa pela internacionaliza\u00e7\u00e3o da marca Oeiras Valley, apresentando o projeto nos mercados estrangeiros, com o objetivo de captar mais investimento para o munic\u00edpio\u201d, explica Isaltino Morais, presidente da C\u00e2mara Municipal de Oeiras.<\/p>\n\n\n\n<p>A Miss\u00e3o Oeiras Valley no Brasil \u00e9 um <strong>evento aberto e gratuito.<\/strong> Informa\u00e7\u00f5es e inscri\u00e7\u00f5es <strong><a href=\"https:\/\/www.pintomachado.com.br\/missaooeirasvalley\/\">acesse aqui<\/a><\/strong><\/p>\n","protected":false},"excerpt":{"rendered":"<p>A Associa\u00e7\u00e3o Comercial do Rio de Janeiro est\u00e1 apoiando a miss\u00e3o empresarial promovida pelo projeto Oeiras Valley no Brasil, entre os dias 17 e 19&hellip;<\/p>\n","protected":false},"author":3,"featured_media":15374,"comment_status":"closed","ping_status":"open","sticky":false,"template":"","format":"standard","meta":{"_exactmetrics_skip_tracking":false,"_exactmetrics_sitenote_active":false,"_exactmetrics_sitenote_note":"","_exactmetrics_sitenote_category":0,"footnotes":""},"categories":[10],"tags":[],"class_list":["post-15373","post","type-post","status-publish","format-standard","has-post-thumbnail","hentry","category-noticias"],"_links":{"self":[{"href":"https:\/\/acrj.org.br\/index.php\/wp-json\/wp\/v2\/posts\/15373","targetHints":{"allow":["GET"]}}],"collection":[{"href":"https:\/\/acrj.org.br\/index.php\/wp-json\/wp\/v2\/posts"}],"about":[{"href":"https:\/\/acrj.org.br\/index.php\/wp-json\/wp\/v2\/types\/post"}],"author":[{"embeddable":true,"href":"https:\/\/acrj.org.br\/index.php\/wp-json\/wp\/v2\/users\/3"}],"replies":[{"embeddable":true,"href":"https:\/\/acrj.org.br\/index.php\/wp-json\/wp\/v2\/comments?post=15373"}],"version-history":[{"count":0,"href":"https:\/\/acrj.org.br\/index.php\/wp-json\/wp\/v2\/posts\/15373\/revisions"}],"wp:featuredmedia":[{"embeddable":true,"href":"https:\/\/acrj.org.br\/index.php\/wp-json\/wp\/v2\/media\/15374"}],"wp:attachment":[{"href":"https:\/\/acrj.org.br\/index.php\/wp-json\/wp\/v2\/media?parent=15373"}],"wp:term":[{"taxonomy":"category","embeddable":true,"href":"https:\/\/acrj.org.br\/index.php\/wp-json\/wp\/v2\/categories?post=15373"},{"taxonomy":"post_tag","embeddable":true,"href":"https:\/\/acrj.org.br\/index.php\/wp-json\/wp\/v2\/tags?post=15373"}],"curies":[{"name":"wp","href":"https:\/\/api.w.org\/{rel}","templated":true}]}}