{"id":15298,"date":"2023-03-30T10:15:12","date_gmt":"2023-03-30T13:15:12","guid":{"rendered":"https:\/\/acrj.org.br\/?p=15298"},"modified":"2023-03-30T10:22:24","modified_gmt":"2023-03-30T13:22:24","slug":"acrj-promove-mesa-redonda-sobre-a-artista-maria-martins-e-sua-obra","status":"publish","type":"post","link":"https:\/\/acrj.org.br\/index.php\/2023\/03\/30\/acrj-promove-mesa-redonda-sobre-a-artista-maria-martins-e-sua-obra\/","title":{"rendered":"ACRJ promove mesa-redonda sobre a artista Maria Martins e sua obra"},"content":{"rendered":"\n<p>A <strong>ACRJ e o Sistema Fecom\u00e9rcio RJ,<\/strong> atrav\u00e9s do Senac RJ, promovem, <strong>dia 4 de abril, \u00e0s 15h<\/strong>, a mesa-redonda \u201cMaria Martins: obra em destaque\u201d, com uma abordagem sobre a biografia e sua trajet\u00f3ria na arte, inclusive sobre a obra Galo Gaul\u00eas II. A escultura est\u00e1 em exposi\u00e7\u00e3o no hall da Associa\u00e7\u00e3o Comercial do Rio de Janeiro at\u00e9 31 de maio. Participam do encontro o presidente em exerc\u00edcio da ACRJ, Daniel Homem de Carvalho; a escritora Ana Arruda Callado, autora do livro \u201cMaria Martins: Uma biografia\u201d; e a curadora da exposi\u00e7\u00e3o, Fernanda Lopes. A media\u00e7\u00e3o \u00e9 da historiadora e curadora de arte, Vanda Klabin.<\/p>\n\n\n\n<p>Segundo Fernanda Lopes, obras como essa soavam agressivas e com \u201cexcesso de personalidade\u201d no contexto art\u00edstico do Brasil dos anos 1950, que se voltava especialmente para a arte geom\u00e9trica abstrata. &#8220;Hoje, esses mesmos elementos s\u00e3o o que garantem \u00e0 produ\u00e7\u00e3o de Maria Martins um lugar de destaque na arte brasileira e na cole\u00e7\u00e3o da Associa\u00e7\u00e3o Comercial do Rio de Janeiro\u201d, ressaltou.<\/p>\n\n\n\n<p>O encontro \u00e9 gratuito, aberto ao p\u00fablico, com emiss\u00e3o de certificado para os participantes. O evento tamb\u00e9m conta com o apoio do 15\u00ba Cart\u00f3rio.<br>A ACRJ fica na Rua Candel\u00e1ria 9. <strong>As vagas s\u00e3o limitadas<\/strong>. Inscri\u00e7\u00f5es pelos telefones: 21-2514-1206\/\/1280 ou pelo email: eventos@acrj.org.br<\/p>\n\n\n\n<p><\/p>\n\n\n\n<figure class=\"wp-block-gallery has-nested-images columns-default is-cropped wp-block-gallery-1 is-layout-flex wp-block-gallery-is-layout-flex\">\n<figure class=\"wp-block-image size-medium\"><img fetchpriority=\"high\" decoding=\"async\" width=\"237\" height=\"300\" data-id=\"15311\" src=\"https:\/\/acrj.org.br\/wp-content\/uploads\/2023\/03\/foto-maria-237x300.jpg\" alt=\"\" class=\"wp-image-15311\" srcset=\"https:\/\/acrj.org.br\/wp-content\/uploads\/2023\/03\/foto-maria-237x300.jpg 237w, https:\/\/acrj.org.br\/wp-content\/uploads\/2023\/03\/foto-maria-scaled-600x760.jpg 600w, https:\/\/acrj.org.br\/wp-content\/uploads\/2023\/03\/foto-maria-809x1024.jpg 809w, https:\/\/acrj.org.br\/wp-content\/uploads\/2023\/03\/foto-maria-768x973.jpg 768w, https:\/\/acrj.org.br\/wp-content\/uploads\/2023\/03\/foto-maria-1213x1536.jpg 1213w, https:\/\/acrj.org.br\/wp-content\/uploads\/2023\/03\/foto-maria-1617x2048.jpg 1617w, https:\/\/acrj.org.br\/wp-content\/uploads\/2023\/03\/foto-maria-scaled.jpg 2022w\" sizes=\"(max-width: 237px) 100vw, 237px\" \/><\/figure>\n\n\n\n<figure class=\"wp-block-image size-medium\"><img decoding=\"async\" width=\"217\" height=\"300\" data-id=\"15309\" src=\"https:\/\/acrj.org.br\/wp-content\/uploads\/2023\/03\/mesa-redonda_4_abr-217x300.jpeg\" alt=\"\" class=\"wp-image-15309\" srcset=\"https:\/\/acrj.org.br\/wp-content\/uploads\/2023\/03\/mesa-redonda_4_abr-217x300.jpeg 217w, https:\/\/acrj.org.br\/wp-content\/uploads\/2023\/03\/mesa-redonda_4_abr-600x830.jpeg 600w, https:\/\/acrj.org.br\/wp-content\/uploads\/2023\/03\/mesa-redonda_4_abr-740x1024.jpeg 740w, https:\/\/acrj.org.br\/wp-content\/uploads\/2023\/03\/mesa-redonda_4_abr-768x1063.jpeg 768w, https:\/\/acrj.org.br\/wp-content\/uploads\/2023\/03\/mesa-redonda_4_abr-1110x1536.jpeg 1110w, https:\/\/acrj.org.br\/wp-content\/uploads\/2023\/03\/mesa-redonda_4_abr.jpeg 1156w\" sizes=\"(max-width: 217px) 100vw, 217px\" \/><\/figure>\n<\/figure>\n","protected":false},"excerpt":{"rendered":"<p>A ACRJ e o Sistema Fecom\u00e9rcio RJ, atrav\u00e9s do Senac RJ, promovem, dia 4 de abril, \u00e0s 15h, a mesa-redonda \u201cMaria Martins: obra em destaque\u201d,&hellip;<\/p>\n","protected":false},"author":3,"featured_media":15312,"comment_status":"closed","ping_status":"closed","sticky":false,"template":"","format":"standard","meta":{"_exactmetrics_skip_tracking":false,"_exactmetrics_sitenote_active":false,"_exactmetrics_sitenote_note":"","_exactmetrics_sitenote_category":0,"footnotes":""},"categories":[10],"tags":[],"class_list":["post-15298","post","type-post","status-publish","format-standard","has-post-thumbnail","hentry","category-noticias"],"_links":{"self":[{"href":"https:\/\/acrj.org.br\/index.php\/wp-json\/wp\/v2\/posts\/15298","targetHints":{"allow":["GET"]}}],"collection":[{"href":"https:\/\/acrj.org.br\/index.php\/wp-json\/wp\/v2\/posts"}],"about":[{"href":"https:\/\/acrj.org.br\/index.php\/wp-json\/wp\/v2\/types\/post"}],"author":[{"embeddable":true,"href":"https:\/\/acrj.org.br\/index.php\/wp-json\/wp\/v2\/users\/3"}],"replies":[{"embeddable":true,"href":"https:\/\/acrj.org.br\/index.php\/wp-json\/wp\/v2\/comments?post=15298"}],"version-history":[{"count":0,"href":"https:\/\/acrj.org.br\/index.php\/wp-json\/wp\/v2\/posts\/15298\/revisions"}],"wp:featuredmedia":[{"embeddable":true,"href":"https:\/\/acrj.org.br\/index.php\/wp-json\/wp\/v2\/media\/15312"}],"wp:attachment":[{"href":"https:\/\/acrj.org.br\/index.php\/wp-json\/wp\/v2\/media?parent=15298"}],"wp:term":[{"taxonomy":"category","embeddable":true,"href":"https:\/\/acrj.org.br\/index.php\/wp-json\/wp\/v2\/categories?post=15298"},{"taxonomy":"post_tag","embeddable":true,"href":"https:\/\/acrj.org.br\/index.php\/wp-json\/wp\/v2\/tags?post=15298"}],"curies":[{"name":"wp","href":"https:\/\/api.w.org\/{rel}","templated":true}]}}