{"id":15235,"date":"2023-03-27T17:59:05","date_gmt":"2023-03-27T20:59:05","guid":{"rendered":"https:\/\/acrj.org.br\/?p=15235"},"modified":"2023-03-27T18:04:42","modified_gmt":"2023-03-27T21:04:42","slug":"plataforma-globo-sim-e-apresentada-durante-encontro-na-acrj","status":"publish","type":"post","link":"https:\/\/acrj.org.br\/index.php\/2023\/03\/27\/plataforma-globo-sim-e-apresentada-durante-encontro-na-acrj\/","title":{"rendered":"Plataforma Globo Sim \u00e9 apresentada durante encontro na ACRJ"},"content":{"rendered":"\n<p>As micro empresas e as de pequeno porte, al\u00e9m dos microempreendedores individuais (MEIs), j\u00e1 podem se beneficiar da Plataforma Globo Sim, o autosservi\u00e7o do Grupo Globo para veicula\u00e7\u00e3o de an\u00fancios voltado a este segmento empresarial. A especialista Sandra Moreno explicou em detalhes, durante encontro na ACRJ, dia 27\/3, como os empreendedores podem anunciar seus neg\u00f3cios na TV Aberta do canal e nas plataformas digitais como G1, GE, GShow, entre outras. Sandra \u00e9 a respons\u00e1vel pela comercializa\u00e7\u00e3o das plataformas de autosservi\u00e7o da Globo (Globo Sim para PMEs e Globo Ads para ag\u00eancia de publicidade).<\/p>\n\n\n\n<p>O presidente em exerc\u00edcio da ACRJ, Daniel Homem de Carvalho, ressaltou que esta plataforma \u00e9 uma oportunidade para o pequeno e m\u00e9dio empreendedor de anunciar em uma m\u00eddia at\u00e9 ent\u00e3o inacess\u00edvel. \u201cEste encontro \u00e9 muito simb\u00f3lico para n\u00f3s, da Associa\u00e7\u00e3o Comercial, pois a Globo est\u00e1 muito vinculada \u00e0 imagem do Rio de Janeiro, o que muito nos orgulha\u201d, disse.<\/p>\n\n\n\n<p>O diretor de Rela\u00e7\u00f5es Institucionais e Projetos da Rede Globo, Andr\u00e9 Dias, disse que a ACRJ foi a primeira institui\u00e7\u00e3o empresarial no Rio de Janeiro escolhida para divulga\u00e7\u00e3o da plataforma. \u201cQueremos estreitar ainda mais esta rela\u00e7\u00e3o com a Associa\u00e7\u00e3o Comercial e ajudar a apoiar as estrat\u00e9gias de comunica\u00e7\u00e3o de empreendedores que desejam anunciar suas marcas na TV aberta e nas plataformas digitais da Globo\u201d, destacou.<\/p>\n\n\n\n<p>A Globo Sim, explicou a especialista, \u00e9 did\u00e1tica, autoexplicativa e permite ao pr\u00f3prio empres\u00e1rio gerenciar todo o processo de produ\u00e7\u00e3o e planejamento do seu an\u00fancio. \u201cPensando neste p\u00fablico, ela veio para descomplicar a publicidade e simplificar todo o processo, al\u00e9m de ser economicamente vi\u00e1vel para este segmento empresarial\u201d, acrescentou. Os valores variam de acordo com o plano de m\u00eddia definido pelo empreendedor e se tem ou n\u00e3o o v\u00eddeo pronto para veicula\u00e7\u00e3o. \u201cAinda assim, se for necess\u00e1ria a produ\u00e7\u00e3o do v\u00eddeo, o custo \u00e9 muito acess\u00edvel\u201d, disse.<\/p>\n\n\n\n<p>O encontro na \u00edntegra, com a apresenta\u00e7\u00e3o da especialista, est\u00e1 dispon\u00edvel no Canal ACRJ Divulga no YouTube. <strong><a href=\"https:\/\/youtu.be\/HBvm1JPSUL4\">Acesse aqui<\/a><\/strong><\/p>\n\n\n\n<div class=\"wp-block-columns is-layout-flex wp-container-core-columns-is-layout-9d6595d7 wp-block-columns-is-layout-flex\">\n<div class=\"wp-block-column is-layout-flow wp-block-column-is-layout-flow\">\n<figure class=\"wp-block-image size-large is-resized\"><img fetchpriority=\"high\" decoding=\"async\" src=\"https:\/\/acrj.org.br\/wp-content\/uploads\/2023\/03\/WhatsApp-Image-2023-03-27-at-12.49.12-2-edited.jpeg\" alt=\"\" class=\"wp-image-15244\" width=\"360\" height=\"202\" srcset=\"https:\/\/acrj.org.br\/wp-content\/uploads\/2023\/03\/WhatsApp-Image-2023-03-27-at-12.49.12-2-edited.jpeg 1600w, https:\/\/acrj.org.br\/wp-content\/uploads\/2023\/03\/WhatsApp-Image-2023-03-27-at-12.49.12-2-edited-600x338.jpeg 600w, https:\/\/acrj.org.br\/wp-content\/uploads\/2023\/03\/WhatsApp-Image-2023-03-27-at-12.49.12-2-edited-300x169.jpeg 300w, https:\/\/acrj.org.br\/wp-content\/uploads\/2023\/03\/WhatsApp-Image-2023-03-27-at-12.49.12-2-edited-1024x576.jpeg 1024w, https:\/\/acrj.org.br\/wp-content\/uploads\/2023\/03\/WhatsApp-Image-2023-03-27-at-12.49.12-2-edited-768x432.jpeg 768w, https:\/\/acrj.org.br\/wp-content\/uploads\/2023\/03\/WhatsApp-Image-2023-03-27-at-12.49.12-2-edited-1536x864.jpeg 1536w\" sizes=\"(max-width: 360px) 100vw, 360px\" \/><\/figure>\n<\/div>\n<\/div>\n","protected":false},"excerpt":{"rendered":"<p>As micro empresas e as de pequeno porte, al\u00e9m dos microempreendedores individuais (MEIs), j\u00e1 podem se beneficiar da Plataforma Globo Sim, o autosservi\u00e7o do Grupo&hellip;<\/p>\n","protected":false},"author":3,"featured_media":15238,"comment_status":"closed","ping_status":"closed","sticky":false,"template":"","format":"standard","meta":{"_exactmetrics_skip_tracking":false,"_exactmetrics_sitenote_active":false,"_exactmetrics_sitenote_note":"","_exactmetrics_sitenote_category":0,"footnotes":""},"categories":[10],"tags":[],"class_list":["post-15235","post","type-post","status-publish","format-standard","has-post-thumbnail","hentry","category-noticias"],"_links":{"self":[{"href":"https:\/\/acrj.org.br\/index.php\/wp-json\/wp\/v2\/posts\/15235","targetHints":{"allow":["GET"]}}],"collection":[{"href":"https:\/\/acrj.org.br\/index.php\/wp-json\/wp\/v2\/posts"}],"about":[{"href":"https:\/\/acrj.org.br\/index.php\/wp-json\/wp\/v2\/types\/post"}],"author":[{"embeddable":true,"href":"https:\/\/acrj.org.br\/index.php\/wp-json\/wp\/v2\/users\/3"}],"replies":[{"embeddable":true,"href":"https:\/\/acrj.org.br\/index.php\/wp-json\/wp\/v2\/comments?post=15235"}],"version-history":[{"count":0,"href":"https:\/\/acrj.org.br\/index.php\/wp-json\/wp\/v2\/posts\/15235\/revisions"}],"wp:featuredmedia":[{"embeddable":true,"href":"https:\/\/acrj.org.br\/index.php\/wp-json\/wp\/v2\/media\/15238"}],"wp:attachment":[{"href":"https:\/\/acrj.org.br\/index.php\/wp-json\/wp\/v2\/media?parent=15235"}],"wp:term":[{"taxonomy":"category","embeddable":true,"href":"https:\/\/acrj.org.br\/index.php\/wp-json\/wp\/v2\/categories?post=15235"},{"taxonomy":"post_tag","embeddable":true,"href":"https:\/\/acrj.org.br\/index.php\/wp-json\/wp\/v2\/tags?post=15235"}],"curies":[{"name":"wp","href":"https:\/\/api.w.org\/{rel}","templated":true}]}}