{"id":15208,"date":"2023-03-24T17:43:45","date_gmt":"2023-03-24T20:43:45","guid":{"rendered":"https:\/\/acrj.org.br\/?p=15208"},"modified":"2023-04-18T12:03:28","modified_gmt":"2023-04-18T15:03:28","slug":"acrj-e-sistema-fecomercio-rj-inauguram-exposicao-da-escultura-da-artista-maria-martins","status":"publish","type":"post","link":"https:\/\/acrj.org.br\/index.php\/2023\/03\/24\/acrj-e-sistema-fecomercio-rj-inauguram-exposicao-da-escultura-da-artista-maria-martins\/","title":{"rendered":"ACRJ e Sistema Fecom\u00e9rcio RJ inauguram exposi\u00e7\u00e3o da escultura da artista Maria Martins"},"content":{"rendered":"\n<p>O presidente em exerc\u00edcio da ACRJ, Daniel Homem de Carvalho, e o presidente do Sistema Fecom\u00e9rcio RJ, Antonio Florencio de Queiroz Junior, inauguraram, dia 24\/3, a exposi\u00e7\u00e3o <strong>Maria Martins: obra em destaque<\/strong>, apresentando a escultura \u201cGalo Gaul\u00eas II\u201d. Esta obra faz parte do acervo cultural da Casa de Mau\u00e1 formado ao longo dos 213 anos de sua atua\u00e7\u00e3o. O evento foi realizado no hall do edif\u00edcio-sede da Casa de Mau\u00e1 e al\u00e9m dos dois presidentes, contou com a participa\u00e7\u00e3o da secret\u00e1ria Estadual Especial das Mulheres, Helo\u00edsa Aguiar; do presidente do Conselho Empresarial de Assuntos Culturais da ACRJ, Douglas Fasolato, de benem\u00e9ritos, diretores e conselheiros da ACRJ, integrantes do Sistema Fecom\u00e9rcio RJ e convidados.<\/p>\n\n\n\n<p>Daniel Homem de Carvalho ressaltou que a parceria entre o Sistema Fecom\u00e9rcio RJ, atrav\u00e9s do Senac RJ, e a Associa\u00e7\u00e3o Comercial refor\u00e7a a inten\u00e7\u00e3o das duas principais entidades do setor comercial de \u201crecuperar o protagonismo do Centro do Rio que tem no pr\u00e9dio ic\u00f4nico da Associa\u00e7\u00e3o Comercial um marco hist\u00f3rico importante para a cidade. \u00c9 uma honra receber todos voc\u00eas nesta casa do empres\u00e1rio, tamb\u00e9m conhecida como a Casa de Mau\u00e1, para a inaugura\u00e7\u00e3o desta escultura da Maria Martins, uma artista t\u00e3o importante do cen\u00e1rio cultural do Rio e do pa\u00eds\u201d, ressaltou.<\/p>\n\n\n\n<p>Daniel destacou a participa\u00e7\u00e3o do Conselho de Assuntos Culturais da ACRJ, na pessoa do presidente Douglas Fasolato, e de diversos conselheiros presentes, que foram incans\u00e1veis para montar esta exposi\u00e7\u00e3o. Ele ainda mencionou o livro sobre os 100 anos de hist\u00f3ria contada pelo Jornal do Commercio, e que mostra a import\u00e2ncia do com\u00e9rcio do Rio de Janeiro. A obra foi cedida pelo Sistema Fecom\u00e9rcio RJ para o evento.<\/p>\n\n\n\n<p>Antonio Queiroz falou sobre a import\u00e2ncia hist\u00f3rica da bicenten\u00e1ria ACRJ e da parceria entre as duas institui\u00e7\u00f5es, que faz parte do projeto do Sistema Fecom\u00e9rcio RJ de recupera\u00e7\u00e3o do Centro do Rio. \u201cA Associa\u00e7\u00e3o Comercial do Rio para o Brasil tem uma representatividade que conta a hist\u00f3ria do pa\u00eds, a hist\u00f3ria econ\u00f4mica brasileira. O desenvolvimento do nosso pa\u00eds nasceu aqui, pela m\u00e3o de um grupo de grandes empres\u00e1rios. Poder participar um pouco dessa hist\u00f3ria \u00e9 uma honra para o Sistema Fecom\u00e9rcio RJ. O com\u00e9rcio sempre foi a alma do Rio de Janeiro e essa iniciativa cultural faz parte do projeto de revitaliza\u00e7\u00e3o do Centro do Rio. A imagem da ACRJ deve ser reverenciada por todo o empresariado brasileiro\u201d, afirmou o presidente Antonio Queiroz.<\/p>\n\n\n\n<p>Como a primeira secret\u00e1ria da pasta criada pelo Governador Cl\u00e1udio Castro, Heloisa Aguiar disse que foi muito emblem\u00e1tico participar de um evento na casa dos empres\u00e1rios, pois, segundo ela, \u201csomente atrav\u00e9s do emprego e de mais oportunidades para a for\u00e7a de trabalho feminina ser\u00e1 poss\u00edvel interromper o ciclo de viol\u00eancia contra as mulheres. Precisamos que o empresariado carioca e fluminense nos ajude. Contratem mulheres, criem conselhos, ajudem na sua capacita\u00e7\u00e3o. Esta for\u00e7a de trabalho est\u00e1 pronta para somar e contribuir para a transforma\u00e7\u00e3o do nosso Estado\u201d, destacou.<\/p>\n\n\n\n<p>Douglas Fasolato agradeceu aos conselheiros Vera Tostes, Vanda Klabin, Lucy Barreto e S\u00e9rgio Costa e Silva, que se engajaram para apoiar na viabiliza\u00e7\u00e3o desse projeto. \u201cReconhecemos e valorizamos estar diante de uma obra de Maria Martins, que a Associa\u00e7\u00e3o Comercial do Rio de Janeiro resgatou do seu ambiente privado para proporcionar o encontro com o p\u00fablico para apreci\u00e1-la. Maria Martins \u00e9 uma refer\u00eancia para os estudos da arte moderna no Brasil, mas s\u00f3 foi revalorizada a partir do in\u00edcio dos 2000\u201d, lembrou.<\/p>\n\n\n\n<p>Encerrando o evento, a saxofonista, flautista e arranjadora Daniela Spielmann fez uma homenagem ao centen\u00e1rio de Waldir Azevedo com o show Cl\u00e1ssicos da Bossa Nova e do choro. A apresenta\u00e7\u00e3o faz parte do Projeto M\u00fasica no Museu, realizado pelo conselheiro S\u00e9rgio Costa e Silva.<\/p>\n\n\n\n<p>Todas essas atividades fazem parte projeto de<strong> Valoriza\u00e7\u00e3o e Difus\u00e3o do Acervo da ACRJ<\/strong>. A ACRJ n\u00e3o apenas construiu um dos mais c\u00e9lebres monumentos do Art D\u00e9co &#8211; o Pal\u00e1cio do Com\u00e9rcio, onde funciona sua sede &#8211; como reuniu uma cole\u00e7\u00e3o com obras de arte integradas (esculturas, quadros e documentos), al\u00e9m de mobili\u00e1rio. Outras iniciativas est\u00e3o previstas com o objetivo de valorizar este acervo hist\u00f3rico e art\u00edstico da ACRJ. Entre elas, visitas guiadas aos espa\u00e7os, cataloga\u00e7\u00e3o do acervo e disponibiliza\u00e7\u00e3o online.<\/p>\n\n\n\n<p>Conhe\u00e7a mais sobre o projeto <strong><a href=\"https:\/\/acrj.org.br\/index.php\/2023\/03\/21\/eventos-culturais-dao-inicio-ao-projeto-de-valorizacao-do-acervo-artistico-da-acrj\/\">aqui<\/a><\/strong><\/p>\n\n\n\n<p>O v\u00eddeo sobre a parceria ACRJ-Sistema Fecom\u00e9rcio RJ est\u00e1 dispon\u00edvel do Canal ACRJ Divulga. <strong><a href=\"https:\/\/youtu.be\/cD9R-6XSjbc\">Acesse aqui <\/a><\/strong><\/p>\n\n\n\n<p>A exposi\u00e7\u00e3o ficar\u00e1 em cartaz at\u00e9 o <strong>dia 31 de maio, de 10h \u00e0s 17h<\/strong>, com entrada franca. A ACRJ fica na Rua Candel\u00e1ria, 9.<\/p>\n\n\n\n<p><strong>Ficha T\u00e9cnica<\/strong><\/p>\n\n\n\n<p><strong>Associa\u00e7\u00e3o Comercial do Rio de Janeiro<\/strong><\/p>\n\n\n\n<p>Jos\u00e9 Antonio do Nascimento Brito &#8211; Presidente<\/p>\n\n\n\n<p>Daniel Homem de Carvalho &#8211; 1\u00ba Vice-presidente em exerc\u00edcio na presid\u00eancia<\/p>\n\n\n\n<p>Michelle Novaes &#8211; 2\u00aa Vice-presidente<\/p>\n\n\n\n<p>Ruy Barreto Filho &#8211; Presidente do Conselho Superior<\/p>\n\n\n\n<p><strong>Sistema Fecom\u00e9rcio RJ<\/strong><\/p>\n\n\n\n<p>Antonio Florencio de Queiroz J\u00fanior &#8211; Presidente<\/p>\n\n\n\n<p><strong>Exposi\u00e7\u00e3o Maria Martins: Obra em destaque<\/strong><\/p>\n\n\n\n<p>Douglas Fasolato &#8211; Concep\u00e7\u00e3o e Coordena\u00e7\u00e3o<\/p>\n\n\n\n<p>Fernanda Lopes &#8211; Curadoria<\/p>\n\n\n\n<p>Lu\u00eds Antonelli &#8211; Expografia<\/p>\n\n\n\n<p>Marcia Neves &#8211; Programa\u00e7\u00e3o visual<\/p>\n\n\n\n<p>Camuflagem &#8211; Cenografia<\/p>\n\n\n\n<p>Admardo Rosa &#8211; Conserva\u00e7\u00e3o<\/p>\n\n\n\n<p>Jos\u00e9 Gomes &#8211; Ilumina\u00e7\u00e3o<\/p>\n\n\n\n<p>Brand\u00e3o Sign &#8211; Impress\u00e3o<\/p>\n\n\n\n<figure class=\"wp-block-gallery has-nested-images columns-default is-cropped wp-block-gallery-1 is-layout-flex wp-block-gallery-is-layout-flex\">\n<figure class=\"wp-block-image size-large\"><img fetchpriority=\"high\" decoding=\"async\" width=\"1024\" height=\"590\" data-id=\"15218\" src=\"https:\/\/acrj.org.br\/wp-content\/uploads\/2023\/03\/grupo-no-gabinete-1024x590.jpg\" alt=\"\" class=\"wp-image-15218\" srcset=\"https:\/\/acrj.org.br\/wp-content\/uploads\/2023\/03\/grupo-no-gabinete-1024x590.jpg 1024w, https:\/\/acrj.org.br\/wp-content\/uploads\/2023\/03\/grupo-no-gabinete-600x346.jpg 600w, https:\/\/acrj.org.br\/wp-content\/uploads\/2023\/03\/grupo-no-gabinete-300x173.jpg 300w, https:\/\/acrj.org.br\/wp-content\/uploads\/2023\/03\/grupo-no-gabinete-768x443.jpg 768w, https:\/\/acrj.org.br\/wp-content\/uploads\/2023\/03\/grupo-no-gabinete.jpg 1485w\" sizes=\"(max-width: 1024px) 100vw, 1024px\" \/><figcaption class=\"wp-element-caption\">Sergio Ribeiro, diretor Regional do Senac RJ; Daniel Homem de Carvalho; Ruy Barreto Filho, pres do Conselho Superior ACRJ e Antonio Queiroz<\/figcaption><\/figure>\n\n\n\n<figure class=\"wp-block-image size-large\"><img decoding=\"async\" width=\"1024\" height=\"683\" data-id=\"15222\" src=\"https:\/\/acrj.org.br\/wp-content\/uploads\/2023\/03\/grupo-dos-conselheiros-edited-1024x683.jpeg\" alt=\"\" class=\"wp-image-15222\" srcset=\"https:\/\/acrj.org.br\/wp-content\/uploads\/2023\/03\/grupo-dos-conselheiros-edited-1024x683.jpeg 1024w, https:\/\/acrj.org.br\/wp-content\/uploads\/2023\/03\/grupo-dos-conselheiros-edited-600x400.jpeg 600w, https:\/\/acrj.org.br\/wp-content\/uploads\/2023\/03\/grupo-dos-conselheiros-edited-300x200.jpeg 300w, https:\/\/acrj.org.br\/wp-content\/uploads\/2023\/03\/grupo-dos-conselheiros-edited-768x512.jpeg 768w, https:\/\/acrj.org.br\/wp-content\/uploads\/2023\/03\/grupo-dos-conselheiros-edited-1536x1024.jpeg 1536w, https:\/\/acrj.org.br\/wp-content\/uploads\/2023\/03\/grupo-dos-conselheiros-edited.jpeg 1600w\" sizes=\"(max-width: 1024px) 100vw, 1024px\" \/><figcaption class=\"wp-element-caption\">Membros do Consleho de Assuntos Culturais da ACRJ<\/figcaption><\/figure>\n\n\n\n<figure class=\"wp-block-image size-large\"><img decoding=\"async\" width=\"853\" height=\"385\" data-id=\"15219\" src=\"https:\/\/acrj.org.br\/wp-content\/uploads\/2023\/03\/publico.jpg\" alt=\"\" class=\"wp-image-15219\" srcset=\"https:\/\/acrj.org.br\/wp-content\/uploads\/2023\/03\/publico.jpg 853w, https:\/\/acrj.org.br\/wp-content\/uploads\/2023\/03\/publico-600x271.jpg 600w, https:\/\/acrj.org.br\/wp-content\/uploads\/2023\/03\/publico-300x135.jpg 300w, https:\/\/acrj.org.br\/wp-content\/uploads\/2023\/03\/publico-768x347.jpg 768w\" sizes=\"(max-width: 853px) 100vw, 853px\" \/><figcaption class=\"wp-element-caption\">Inaugura\u00e7\u00e3o da obra de Maria Martins<\/figcaption><\/figure>\n\n\n\n<figure class=\"wp-block-image size-large\"><img loading=\"lazy\" decoding=\"async\" width=\"1024\" height=\"634\" data-id=\"15220\" src=\"https:\/\/acrj.org.br\/wp-content\/uploads\/2023\/03\/livro-JC-1024x634.jpg\" alt=\"\" class=\"wp-image-15220\" srcset=\"https:\/\/acrj.org.br\/wp-content\/uploads\/2023\/03\/livro-JC-1024x634.jpg 1024w, https:\/\/acrj.org.br\/wp-content\/uploads\/2023\/03\/livro-JC-600x372.jpg 600w, https:\/\/acrj.org.br\/wp-content\/uploads\/2023\/03\/livro-JC-300x186.jpg 300w, https:\/\/acrj.org.br\/wp-content\/uploads\/2023\/03\/livro-JC-768x476.jpg 768w, https:\/\/acrj.org.br\/wp-content\/uploads\/2023\/03\/livro-JC.jpg 1509w\" sizes=\"(max-width: 1024px) 100vw, 1024px\" \/><figcaption class=\"wp-element-caption\">Livro do Jornal do Commercio<\/figcaption><\/figure>\n\n\n\n<figure class=\"wp-block-image size-large\"><img loading=\"lazy\" decoding=\"async\" width=\"1024\" height=\"768\" data-id=\"15223\" src=\"https:\/\/acrj.org.br\/wp-content\/uploads\/2023\/03\/secretaria-da-mulher-1024x768.jpeg\" alt=\"\" class=\"wp-image-15223\" srcset=\"https:\/\/acrj.org.br\/wp-content\/uploads\/2023\/03\/secretaria-da-mulher-1024x768.jpeg 1024w, https:\/\/acrj.org.br\/wp-content\/uploads\/2023\/03\/secretaria-da-mulher-600x450.jpeg 600w, https:\/\/acrj.org.br\/wp-content\/uploads\/2023\/03\/secretaria-da-mulher-300x225.jpeg 300w, https:\/\/acrj.org.br\/wp-content\/uploads\/2023\/03\/secretaria-da-mulher-768x576.jpeg 768w, https:\/\/acrj.org.br\/wp-content\/uploads\/2023\/03\/secretaria-da-mulher-1536x1152.jpeg 1536w, https:\/\/acrj.org.br\/wp-content\/uploads\/2023\/03\/secretaria-da-mulher.jpeg 1600w\" sizes=\"(max-width: 1024px) 100vw, 1024px\" \/><figcaption class=\"wp-element-caption\">Secret\u00e1ria Helo\u00edsa Aguiar<\/figcaption><\/figure>\n\n\n\n<figure class=\"wp-block-image size-large\"><img loading=\"lazy\" decoding=\"async\" width=\"1024\" height=\"576\" data-id=\"15224\" src=\"https:\/\/acrj.org.br\/wp-content\/uploads\/2023\/03\/IMG_20230324_115720576-1024x576.jpg\" alt=\"\" class=\"wp-image-15224\" srcset=\"https:\/\/acrj.org.br\/wp-content\/uploads\/2023\/03\/IMG_20230324_115720576-1024x576.jpg 1024w, https:\/\/acrj.org.br\/wp-content\/uploads\/2023\/03\/IMG_20230324_115720576-scaled-600x338.jpg 600w, https:\/\/acrj.org.br\/wp-content\/uploads\/2023\/03\/IMG_20230324_115720576-300x169.jpg 300w, https:\/\/acrj.org.br\/wp-content\/uploads\/2023\/03\/IMG_20230324_115720576-768x432.jpg 768w, https:\/\/acrj.org.br\/wp-content\/uploads\/2023\/03\/IMG_20230324_115720576-1536x864.jpg 1536w, https:\/\/acrj.org.br\/wp-content\/uploads\/2023\/03\/IMG_20230324_115720576-2048x1152.jpg 2048w\" sizes=\"(max-width: 1024px) 100vw, 1024px\" \/><figcaption class=\"wp-element-caption\">Show de Daniela Spielmann<\/figcaption><\/figure>\n<\/figure>\n","protected":false},"excerpt":{"rendered":"<p>O presidente em exerc\u00edcio da ACRJ, Daniel Homem de Carvalho, e o presidente do Sistema Fecom\u00e9rcio RJ, Antonio Florencio de Queiroz Junior, inauguraram, dia 24\/3,&hellip;<\/p>\n","protected":false},"author":3,"featured_media":15214,"comment_status":"closed","ping_status":"closed","sticky":false,"template":"","format":"standard","meta":{"_exactmetrics_skip_tracking":false,"_exactmetrics_sitenote_active":false,"_exactmetrics_sitenote_note":"","_exactmetrics_sitenote_category":0,"footnotes":""},"categories":[6],"tags":[],"class_list":["post-15208","post","type-post","status-publish","format-standard","has-post-thumbnail","hentry","category-destaque_noticias"],"_links":{"self":[{"href":"https:\/\/acrj.org.br\/index.php\/wp-json\/wp\/v2\/posts\/15208","targetHints":{"allow":["GET"]}}],"collection":[{"href":"https:\/\/acrj.org.br\/index.php\/wp-json\/wp\/v2\/posts"}],"about":[{"href":"https:\/\/acrj.org.br\/index.php\/wp-json\/wp\/v2\/types\/post"}],"author":[{"embeddable":true,"href":"https:\/\/acrj.org.br\/index.php\/wp-json\/wp\/v2\/users\/3"}],"replies":[{"embeddable":true,"href":"https:\/\/acrj.org.br\/index.php\/wp-json\/wp\/v2\/comments?post=15208"}],"version-history":[{"count":0,"href":"https:\/\/acrj.org.br\/index.php\/wp-json\/wp\/v2\/posts\/15208\/revisions"}],"wp:featuredmedia":[{"embeddable":true,"href":"https:\/\/acrj.org.br\/index.php\/wp-json\/wp\/v2\/media\/15214"}],"wp:attachment":[{"href":"https:\/\/acrj.org.br\/index.php\/wp-json\/wp\/v2\/media?parent=15208"}],"wp:term":[{"taxonomy":"category","embeddable":true,"href":"https:\/\/acrj.org.br\/index.php\/wp-json\/wp\/v2\/categories?post=15208"},{"taxonomy":"post_tag","embeddable":true,"href":"https:\/\/acrj.org.br\/index.php\/wp-json\/wp\/v2\/tags?post=15208"}],"curies":[{"name":"wp","href":"https:\/\/api.w.org\/{rel}","templated":true}]}}