{"id":15187,"date":"2023-03-23T16:02:00","date_gmt":"2023-03-23T19:02:00","guid":{"rendered":"https:\/\/acrj.org.br\/?p=15187"},"modified":"2023-03-24T06:52:32","modified_gmt":"2023-03-24T09:52:32","slug":"daniel-homem-de-carvalho-visita-entidades-empresariais-em-santa-catarina-para-troca-de-experiencias","status":"publish","type":"post","link":"https:\/\/acrj.org.br\/index.php\/2023\/03\/23\/daniel-homem-de-carvalho-visita-entidades-empresariais-em-santa-catarina-para-troca-de-experiencias\/","title":{"rendered":"Daniel Homem de Carvalho visita entidades empresariais em Santa Catarina para troca de experi\u00eancias"},"content":{"rendered":"\n<p>O presidente em exerc\u00edcio da ACRJ, Daniel Homem de Carvalho, visitou, dia 21 de mar\u00e7o, a Associa\u00e7\u00e3o Empresarial de Florian\u00f3polis (ACIF) e foi recebido pelo presidente Rodrigo Rossoni. Ele participou da reuni\u00e3o plen\u00e1ria da Associa\u00e7\u00e3o. A ACIF possui sedes em todas \u00e0s regi\u00f5es da Ilha de Florian\u00f3polis e conta com 4.800 associados, entre pessoas f\u00edsicas e jur\u00eddicas.<\/p>\n\n\n\n<p>No dia seguinte, ele foi recebido na Federa\u00e7\u00e3o das Associa\u00e7\u00f5es Empresariais de Santa Catarina (FACISC), que re\u00fane mais de 37 mil empresas filiadas a 149 Associa\u00e7\u00f5es Empresariais no Estado.<\/p>\n\n\n\n<p>\u201cPude trocar experi\u00eancias e perceber a import\u00e2ncia da capilaridade das entidades empresariais do estado e a necessidade de que a comunidade empresarial construa uma percep\u00e7\u00e3o de valor dirigida \u00e0 sua representante\u201d, ressaltou Daniel.<\/p>\n\n\n\n<div class=\"wp-block-columns is-layout-flex wp-container-core-columns-is-layout-9d6595d7 wp-block-columns-is-layout-flex\">\n<div class=\"wp-block-column is-layout-flow wp-block-column-is-layout-flow\"><div class=\"wp-block-image\">\n<figure class=\"aligncenter size-full is-resized\"><img fetchpriority=\"high\" decoding=\"async\" src=\"https:\/\/acrj.org.br\/wp-content\/uploads\/2023\/03\/w_ACIF-edited-1.jpeg\" alt=\"\" class=\"wp-image-15192\" width=\"300\" height=\"300\" srcset=\"https:\/\/acrj.org.br\/wp-content\/uploads\/2023\/03\/w_ACIF-edited-1.jpeg 576w, https:\/\/acrj.org.br\/wp-content\/uploads\/2023\/03\/w_ACIF-edited-1-300x300.jpeg 300w, https:\/\/acrj.org.br\/wp-content\/uploads\/2023\/03\/w_ACIF-edited-1-100x100.jpeg 100w, https:\/\/acrj.org.br\/wp-content\/uploads\/2023\/03\/w_ACIF-edited-1-150x150.jpeg 150w\" sizes=\"(max-width: 300px) 100vw, 300px\" \/><figcaption class=\"wp-element-caption\">Rodrigo Rossoni com Daniel Homem<br>de Carvalho<\/figcaption><\/figure>\n<\/div><\/div>\n\n\n\n<div class=\"wp-block-column is-layout-flow wp-block-column-is-layout-flow\"><div class=\"wp-block-image\">\n<figure class=\"aligncenter size-large is-resized\"><img decoding=\"async\" src=\"https:\/\/acrj.org.br\/wp-content\/uploads\/2023\/03\/FACISC-edited.jpeg\" alt=\"\" class=\"wp-image-15194\" width=\"300\" height=\"300\" srcset=\"https:\/\/acrj.org.br\/wp-content\/uploads\/2023\/03\/FACISC-edited.jpeg 1200w, https:\/\/acrj.org.br\/wp-content\/uploads\/2023\/03\/FACISC-edited-300x300.jpeg 300w, https:\/\/acrj.org.br\/wp-content\/uploads\/2023\/03\/FACISC-edited-100x100.jpeg 100w, https:\/\/acrj.org.br\/wp-content\/uploads\/2023\/03\/FACISC-edited-600x600.jpeg 600w, https:\/\/acrj.org.br\/wp-content\/uploads\/2023\/03\/FACISC-edited-1024x1024.jpeg 1024w, https:\/\/acrj.org.br\/wp-content\/uploads\/2023\/03\/FACISC-edited-150x150.jpeg 150w, https:\/\/acrj.org.br\/wp-content\/uploads\/2023\/03\/FACISC-edited-768x768.jpeg 768w\" sizes=\"(max-width: 300px) 100vw, 300px\" \/><figcaption class=\"wp-element-caption\">Daniel com membros da FACISC<\/figcaption><\/figure>\n<\/div><\/div>\n<\/div>\n","protected":false},"excerpt":{"rendered":"<p>O presidente em exerc\u00edcio da ACRJ, Daniel Homem de Carvalho, visitou, dia 21 de mar\u00e7o, a Associa\u00e7\u00e3o Empresarial de Florian\u00f3polis (ACIF) e foi recebido pelo&hellip;<\/p>\n","protected":false},"author":3,"featured_media":15189,"comment_status":"closed","ping_status":"closed","sticky":false,"template":"","format":"standard","meta":{"_exactmetrics_skip_tracking":false,"_exactmetrics_sitenote_active":false,"_exactmetrics_sitenote_note":"","_exactmetrics_sitenote_category":0,"footnotes":""},"categories":[10],"tags":[],"class_list":["post-15187","post","type-post","status-publish","format-standard","has-post-thumbnail","hentry","category-noticias"],"_links":{"self":[{"href":"https:\/\/acrj.org.br\/index.php\/wp-json\/wp\/v2\/posts\/15187","targetHints":{"allow":["GET"]}}],"collection":[{"href":"https:\/\/acrj.org.br\/index.php\/wp-json\/wp\/v2\/posts"}],"about":[{"href":"https:\/\/acrj.org.br\/index.php\/wp-json\/wp\/v2\/types\/post"}],"author":[{"embeddable":true,"href":"https:\/\/acrj.org.br\/index.php\/wp-json\/wp\/v2\/users\/3"}],"replies":[{"embeddable":true,"href":"https:\/\/acrj.org.br\/index.php\/wp-json\/wp\/v2\/comments?post=15187"}],"version-history":[{"count":0,"href":"https:\/\/acrj.org.br\/index.php\/wp-json\/wp\/v2\/posts\/15187\/revisions"}],"wp:featuredmedia":[{"embeddable":true,"href":"https:\/\/acrj.org.br\/index.php\/wp-json\/wp\/v2\/media\/15189"}],"wp:attachment":[{"href":"https:\/\/acrj.org.br\/index.php\/wp-json\/wp\/v2\/media?parent=15187"}],"wp:term":[{"taxonomy":"category","embeddable":true,"href":"https:\/\/acrj.org.br\/index.php\/wp-json\/wp\/v2\/categories?post=15187"},{"taxonomy":"post_tag","embeddable":true,"href":"https:\/\/acrj.org.br\/index.php\/wp-json\/wp\/v2\/tags?post=15187"}],"curies":[{"name":"wp","href":"https:\/\/api.w.org\/{rel}","templated":true}]}}