{"id":15165,"date":"2023-03-23T16:30:00","date_gmt":"2023-03-23T19:30:00","guid":{"rendered":"https:\/\/acrj.org.br\/?p=15165"},"modified":"2023-03-25T07:53:32","modified_gmt":"2023-03-25T10:53:32","slug":"15165","status":"publish","type":"post","link":"https:\/\/acrj.org.br\/index.php\/2023\/03\/23\/15165\/","title":{"rendered":"Especialista explica como usar a plataforma Globo Sim para anunciar na emissora"},"content":{"rendered":"\n<p>A ACRJ promove, na pr\u00f3xima 2a feira (27\/3), \u00e0s 11h, uma palestra sobre a Globo Sim, a plataforma de m\u00eddia voltada para compra e veicula\u00e7\u00e3o de publicidade por micro e pequenos empreendedores.<\/p>\n\n\n\n<p>A publicit\u00e1ria Sandra Moreno vai explicar o passo a passo de como os empreendedores podem anunciar seus neg\u00f3cios no canal. A especialista \u00e9 gerente de vendas das plataformas de autosservi\u00e7o da Globo (Globo Sim para PMEs e Globo Ads para ag\u00eancia de publicidade).<\/p>\n\n\n\n<p> &#8220;Ela apoia as estrat\u00e9gias de comunica\u00e7\u00e3o de anunciantes que t\u00eam interesse em contar com a for\u00e7a e a reputa\u00e7\u00e3o da TV aberta e das plataformas digitais da Globo para levar sua mensagem aos consumidores e expandir seus neg\u00f3cios. \u00c9 parceira importante na constru\u00e7\u00e3o de marca e no diferencial estrat\u00e9gico para PMEs, dentro de seu mercado de atua\u00e7\u00e3o, permitindo que o pequeno e m\u00e9dio anunciante realizem a compra de m\u00eddia na TV e nas plataformas digitais como G1, GE, GShow, Cartola, e outras&#8221;, explicou. De acordo com ela, permite ainda que o anunciante fa\u00e7a upload de v\u00eddeo ou utilize a ferramenta de producao de v\u00eddeo, dispon\u00edvel dentro da pr\u00f3pria plataforma.<\/p>\n\n\n\n<p>O encontro \u00e9 gratuito e ser\u00e1 realizado na sede da Associa\u00e7\u00e3o Comercial \u2013 Rua Candel\u00e1ria, 9\/12\u00ba andar. Informa\u00e7\u00f5es pelos telefone: 21-2514-1280.<\/p>\n\n\n\n<p>Para participar inscreva-se <strong><a href=\"https:\/\/forms.gle\/y47uFyrmAgPgcY5fA\">aqui<\/a><\/strong><\/p>\n","protected":false},"excerpt":{"rendered":"<p>A ACRJ promove, na pr\u00f3xima 2a feira (27\/3), \u00e0s 11h, uma palestra sobre a Globo Sim, a plataforma de m\u00eddia voltada para compra e veicula\u00e7\u00e3o&hellip;<\/p>\n","protected":false},"author":3,"featured_media":15168,"comment_status":"closed","ping_status":"closed","sticky":false,"template":"","format":"standard","meta":{"_exactmetrics_skip_tracking":false,"_exactmetrics_sitenote_active":false,"_exactmetrics_sitenote_note":"","_exactmetrics_sitenote_category":0,"footnotes":""},"categories":[10],"tags":[],"class_list":["post-15165","post","type-post","status-publish","format-standard","has-post-thumbnail","hentry","category-noticias"],"_links":{"self":[{"href":"https:\/\/acrj.org.br\/index.php\/wp-json\/wp\/v2\/posts\/15165","targetHints":{"allow":["GET"]}}],"collection":[{"href":"https:\/\/acrj.org.br\/index.php\/wp-json\/wp\/v2\/posts"}],"about":[{"href":"https:\/\/acrj.org.br\/index.php\/wp-json\/wp\/v2\/types\/post"}],"author":[{"embeddable":true,"href":"https:\/\/acrj.org.br\/index.php\/wp-json\/wp\/v2\/users\/3"}],"replies":[{"embeddable":true,"href":"https:\/\/acrj.org.br\/index.php\/wp-json\/wp\/v2\/comments?post=15165"}],"version-history":[{"count":0,"href":"https:\/\/acrj.org.br\/index.php\/wp-json\/wp\/v2\/posts\/15165\/revisions"}],"wp:featuredmedia":[{"embeddable":true,"href":"https:\/\/acrj.org.br\/index.php\/wp-json\/wp\/v2\/media\/15168"}],"wp:attachment":[{"href":"https:\/\/acrj.org.br\/index.php\/wp-json\/wp\/v2\/media?parent=15165"}],"wp:term":[{"taxonomy":"category","embeddable":true,"href":"https:\/\/acrj.org.br\/index.php\/wp-json\/wp\/v2\/categories?post=15165"},{"taxonomy":"post_tag","embeddable":true,"href":"https:\/\/acrj.org.br\/index.php\/wp-json\/wp\/v2\/tags?post=15165"}],"curies":[{"name":"wp","href":"https:\/\/api.w.org\/{rel}","templated":true}]}}