{"id":15155,"date":"2023-03-27T18:32:15","date_gmt":"2023-03-27T21:32:15","guid":{"rendered":"https:\/\/acrj.org.br\/?p=15155"},"modified":"2023-03-27T18:38:27","modified_gmt":"2023-03-27T21:38:27","slug":"acrj-promove-palestra-sobre-imposto-de-renda","status":"publish","type":"post","link":"https:\/\/acrj.org.br\/index.php\/2023\/03\/27\/acrj-promove-palestra-sobre-imposto-de-renda\/","title":{"rendered":"ACRJ promove palestra sobre Imposto de Renda"},"content":{"rendered":"\n<p>A <strong>Associa\u00e7\u00e3o Comercial do Rio de Janeiro<\/strong> promove, dia 29 de mar\u00e7o, \u00e0s 10 horas, uma palestra com o especialista Leonidas Quaresma. Ele ser\u00e1 recebido pelo presidente em exerc\u00edcio, Daniel Homem de Carvalho, para falar sobre Imposto de Renda Pessoa F\u00edsica. O evento tem o apoio do Sistema Fecom\u00e9rcio RJ, atrav\u00e9s do Senac RJ, e do CRC RJ (Conselho Regional de Contabilidade do Estado do Rio se Janeiro).<\/p>\n\n\n\n<p>A palestra \u00e9 gratuita, ser\u00e1 presencial e realizada na sede da ACRJ, no Centro do Rio (Rua Candel\u00e1ria, 9\/12\u00ba andar). Informa\u00e7\u00f5es pelos telefones: 21- 2514-1206 \/ 1280.<\/p>\n\n\n\n<p>Para se inscrever <strong><a href=\"https:\/\/docs.google.com\/forms\/d\/e\/1FAIpQLSdLQPBbdTR4i10pYG73fq9Csv4FInHrGAfRV4nc9cB2F8APVg\/viewform\">acesse aqui.<\/a><\/strong><\/p>\n","protected":false},"excerpt":{"rendered":"<p>A Associa\u00e7\u00e3o Comercial do Rio de Janeiro promove, dia 29 de mar\u00e7o, \u00e0s 10 horas, uma palestra com o especialista Leonidas Quaresma. Ele ser\u00e1 recebido&hellip;<\/p>\n","protected":false},"author":3,"featured_media":15156,"comment_status":"closed","ping_status":"open","sticky":false,"template":"","format":"standard","meta":{"_exactmetrics_skip_tracking":false,"_exactmetrics_sitenote_active":false,"_exactmetrics_sitenote_note":"","_exactmetrics_sitenote_category":0,"footnotes":""},"categories":[10],"tags":[],"class_list":["post-15155","post","type-post","status-publish","format-standard","has-post-thumbnail","hentry","category-noticias"],"_links":{"self":[{"href":"https:\/\/acrj.org.br\/index.php\/wp-json\/wp\/v2\/posts\/15155","targetHints":{"allow":["GET"]}}],"collection":[{"href":"https:\/\/acrj.org.br\/index.php\/wp-json\/wp\/v2\/posts"}],"about":[{"href":"https:\/\/acrj.org.br\/index.php\/wp-json\/wp\/v2\/types\/post"}],"author":[{"embeddable":true,"href":"https:\/\/acrj.org.br\/index.php\/wp-json\/wp\/v2\/users\/3"}],"replies":[{"embeddable":true,"href":"https:\/\/acrj.org.br\/index.php\/wp-json\/wp\/v2\/comments?post=15155"}],"version-history":[{"count":0,"href":"https:\/\/acrj.org.br\/index.php\/wp-json\/wp\/v2\/posts\/15155\/revisions"}],"wp:featuredmedia":[{"embeddable":true,"href":"https:\/\/acrj.org.br\/index.php\/wp-json\/wp\/v2\/media\/15156"}],"wp:attachment":[{"href":"https:\/\/acrj.org.br\/index.php\/wp-json\/wp\/v2\/media?parent=15155"}],"wp:term":[{"taxonomy":"category","embeddable":true,"href":"https:\/\/acrj.org.br\/index.php\/wp-json\/wp\/v2\/categories?post=15155"},{"taxonomy":"post_tag","embeddable":true,"href":"https:\/\/acrj.org.br\/index.php\/wp-json\/wp\/v2\/tags?post=15155"}],"curies":[{"name":"wp","href":"https:\/\/api.w.org\/{rel}","templated":true}]}}