{"id":15118,"date":"2023-03-28T15:30:27","date_gmt":"2023-03-28T18:30:27","guid":{"rendered":"https:\/\/acrj.org.br\/?p=15118"},"modified":"2023-03-29T16:04:09","modified_gmt":"2023-03-29T19:04:09","slug":"governador-claudio-castro-e-o-convidado-do-1o-almoco-do-empresario-da-acrj-em-2023","status":"publish","type":"post","link":"https:\/\/acrj.org.br\/index.php\/2023\/03\/28\/governador-claudio-castro-e-o-convidado-do-1o-almoco-do-empresario-da-acrj-em-2023\/","title":{"rendered":"Governador Cl\u00e1udio Castro \u00e9 o convidado do 1\u00ba <em>Almo\u00e7o do Empres\u00e1rio<\/em> da ACRJ em 2023"},"content":{"rendered":"\n<p>O governador do Rio de Janeiro, Cl\u00e1udio Castro, abre a agenda de 2023 do tradicional <strong>Almo\u00e7o do Empres\u00e1rio<\/strong>, evento promovido pela Associa\u00e7\u00e3o Comercial do Rio de Janeiro. Ele ser\u00e1 recebido dia 6 de abril, \u00e0s 12h, pelo presidente em exerc\u00edcio Daniel Homem de Carvalho, e far\u00e1 a palestra <strong>Perspectivas econ\u00f4micas para o Rio de Janeiro. <\/strong>Na ocasi\u00e3o, o governador receber\u00e1 a <strong>comenda Bicenten\u00e1rio do Visconde de Mau\u00e1.<\/strong><\/p>\n\n\n\n<p>O evento \u00e9 por ades\u00e3o, que dever\u00e1 ser feita at\u00e9 o <strong>dia 4 de abril.<\/strong> Informa\u00e7\u00f5es: 21-2514-1206 \/ 1268 \/ 1280<\/p>\n\n\n\n<p>O encontro conta com o apoio do Sistema Fecom\u00e9rcio, 15\u00ba Cart\u00f3rio, Riogale\u00e3o, Naturgy e Semove.<\/p>\n\n\n\n<p><strong>FICHA T\u00c9CNICA:<\/strong><\/p>\n\n\n\n<p><strong>Evento: <\/strong>Almo\u00e7o do Empres\u00e1rio ACRJ<\/p>\n\n\n\n<p><strong>Data<\/strong>: 6\/4\/2023<\/p>\n\n\n\n<p><strong>Hora<\/strong>: 12h<\/p>\n\n\n\n<p><strong>Local<\/strong>:  Sede da ACRJ &#8211; Rua da Candel\u00e1ria, n\u00ba 9, Centro<\/p>\n\n\n\n<figure class=\"wp-block-image size-large is-resized\"><img fetchpriority=\"high\" decoding=\"async\" src=\"https:\/\/acrj.org.br\/wp-content\/uploads\/2023\/03\/claudio-castro-1-1024x827.jpg\" alt=\"\" class=\"wp-image-15304\" width=\"397\" height=\"320\" srcset=\"https:\/\/acrj.org.br\/wp-content\/uploads\/2023\/03\/claudio-castro-1-1024x827.jpg 1024w, https:\/\/acrj.org.br\/wp-content\/uploads\/2023\/03\/claudio-castro-1-600x485.jpg 600w, https:\/\/acrj.org.br\/wp-content\/uploads\/2023\/03\/claudio-castro-1-300x242.jpg 300w, https:\/\/acrj.org.br\/wp-content\/uploads\/2023\/03\/claudio-castro-1-768x620.jpg 768w, https:\/\/acrj.org.br\/wp-content\/uploads\/2023\/03\/claudio-castro-1-1536x1240.jpg 1536w, https:\/\/acrj.org.br\/wp-content\/uploads\/2023\/03\/claudio-castro-1.jpg 1600w\" sizes=\"(max-width: 397px) 100vw, 397px\" \/><\/figure>\n","protected":false},"excerpt":{"rendered":"<p>O governador do Rio de Janeiro, Cl\u00e1udio Castro, abre a agenda de 2023 do tradicional Almo\u00e7o do Empres\u00e1rio, evento promovido pela Associa\u00e7\u00e3o Comercial do Rio&hellip;<\/p>\n","protected":false},"author":3,"featured_media":15125,"comment_status":"closed","ping_status":"closed","sticky":false,"template":"","format":"standard","meta":{"_exactmetrics_skip_tracking":false,"_exactmetrics_sitenote_active":false,"_exactmetrics_sitenote_note":"","_exactmetrics_sitenote_category":0,"footnotes":""},"categories":[6],"tags":[],"class_list":["post-15118","post","type-post","status-publish","format-standard","has-post-thumbnail","hentry","category-destaque_noticias"],"_links":{"self":[{"href":"https:\/\/acrj.org.br\/index.php\/wp-json\/wp\/v2\/posts\/15118","targetHints":{"allow":["GET"]}}],"collection":[{"href":"https:\/\/acrj.org.br\/index.php\/wp-json\/wp\/v2\/posts"}],"about":[{"href":"https:\/\/acrj.org.br\/index.php\/wp-json\/wp\/v2\/types\/post"}],"author":[{"embeddable":true,"href":"https:\/\/acrj.org.br\/index.php\/wp-json\/wp\/v2\/users\/3"}],"replies":[{"embeddable":true,"href":"https:\/\/acrj.org.br\/index.php\/wp-json\/wp\/v2\/comments?post=15118"}],"version-history":[{"count":0,"href":"https:\/\/acrj.org.br\/index.php\/wp-json\/wp\/v2\/posts\/15118\/revisions"}],"wp:featuredmedia":[{"embeddable":true,"href":"https:\/\/acrj.org.br\/index.php\/wp-json\/wp\/v2\/media\/15125"}],"wp:attachment":[{"href":"https:\/\/acrj.org.br\/index.php\/wp-json\/wp\/v2\/media?parent=15118"}],"wp:term":[{"taxonomy":"category","embeddable":true,"href":"https:\/\/acrj.org.br\/index.php\/wp-json\/wp\/v2\/categories?post=15118"},{"taxonomy":"post_tag","embeddable":true,"href":"https:\/\/acrj.org.br\/index.php\/wp-json\/wp\/v2\/tags?post=15118"}],"curies":[{"name":"wp","href":"https:\/\/api.w.org\/{rel}","templated":true}]}}