{"id":15049,"date":"2023-03-21T09:46:00","date_gmt":"2023-03-21T12:46:00","guid":{"rendered":"https:\/\/acrj.org.br\/?p=15049"},"modified":"2023-03-21T14:29:12","modified_gmt":"2023-03-21T17:29:12","slug":"eventos-culturais-dao-inicio-ao-projeto-de-valorizacao-do-acervo-artistico-da-acrj","status":"publish","type":"post","link":"https:\/\/acrj.org.br\/index.php\/2023\/03\/21\/eventos-culturais-dao-inicio-ao-projeto-de-valorizacao-do-acervo-artistico-da-acrj\/","title":{"rendered":"ACRJ e Sistema Fecom\u00e9rcio RJ promovem eventos culturais no Centro do Rio"},"content":{"rendered":"\n<p><strong><em>Parceria d\u00e1 in\u00edcio ao projeto de Valoriza\u00e7\u00e3o e Difus\u00e3o do Acervo Art\u00edstico da<\/em> <em>Associa\u00e7\u00e3o Comercial do Rio de Janeiro<\/em><\/strong><\/p>\n\n\n\n<p>As duas principais institui\u00e7\u00f5es ligadas ao com\u00e9rcio do Rio de Janeiro, a ACRJ e o Sistema Fecom\u00e9rcio RJ, atrav\u00e9s do Senac RJ, se unem para promover diversos eventos na \u00e1rea cultural. &nbsp;No dia 24 de mar\u00e7o, ser\u00e1 inaugurada, a partir das 11h30, a exposi\u00e7\u00e3o <strong>Maria Martins: obra em destaque<\/strong>, apresentando a escultura \u201cGalo Gaul\u00eas II\u201d. Esta obra faz parte do acervo cultural da Casa de Mau\u00e1 formado ao longo dos 213 anos de sua atua\u00e7\u00e3o. O objetivo das duas entidades \u00e9 aproximar o p\u00fablico da obra de Maria Martins, marcando os 50 anos da morte da artista e os 67 anos de sua visita ao espa\u00e7o para inaugurar a escultura. &nbsp;A exposi\u00e7\u00e3o tamb\u00e9m comemora o m\u00eas em que \u00e9 celebrado o Dia Internacional da Mulher.<\/p>\n\n\n\n<p>Na oportunidade ser\u00e1 feita a apresenta\u00e7\u00e3o do livro <strong>O Jornal do Commercio 1822-1922<\/strong>, publica\u00e7\u00e3o que relata os 100 anos da hist\u00f3ria do Brasil, com destaque para a import\u00e2ncia do com\u00e9rcio no desenvolvimento da economia e da sociedade em geral. E o <strong>Projeto M\u00fasica no Museu: Cl\u00e1ssicos da Bossa Nova e do choro<\/strong>, com a saxofonista, flautista, arranjadora Daniela Spielmann, que far\u00e1 uma homenagem ao centen\u00e1rio de Waldir Azevedo.<\/p>\n\n\n\n<p>Ao longo do per\u00edodo de exposi\u00e7\u00e3o da escultura, que fica em cartaz at\u00e9 dia 31 de maio, ser\u00e3o realizadas algumas a\u00e7\u00f5es, entre elas uma mesa-redonda com a curadora Fernanda Lopes e a escritora Ana Arruda Calado, no dia 4 de abril, \u00e0s 15h, no audit\u00f3rio da institui\u00e7\u00e3o, e a exibi\u00e7\u00e3o do document\u00e1rio \u201cMaria, n\u00e3o esque\u00e7a que venho dos tr\u00f3picos\u201d.<\/p>\n\n\n\n<p>Todas essas atividades fazem parte <strong>projeto de Valoriza\u00e7\u00e3o e Difus\u00e3o do Acervo da ACRJ<\/strong>. Durante todos esses anos, a Associa\u00e7\u00e3o Comercial do Rio n\u00e3o apenas construiu um dos mais c\u00e9lebres monumentos do Art D\u00e9co &#8211; o Pal\u00e1cio do Com\u00e9rcio, onde funciona sua sede &#8211; como reuniu uma cole\u00e7\u00e3o com obras de arte integradas (esculturas, quadros e documentos), al\u00e9m de mobili\u00e1rio.<\/p>\n\n\n\n<p>\u201cReconhecemos o papel crescente e abrangente da Cultura e da Economia Criativa em sua dimens\u00e3o econ\u00f4mica, em escala mundial e brasileira, especialmente no estado do Rio de Janeiro. Neste sentido, a Associa\u00e7\u00e3o Comercial, com esta importante parceria da Fecom\u00e9rcio RJ, entende sua responsabilidade em ampliar o protagonismo cultural que deve exercer, motivo pelo qual resolveu apoiar ou desenvolver diretamente a\u00e7\u00f5es e projetos significativos a serem viabilizados em 2023\u201d, explicou o presidente em exerc\u00edcio da ACRJ, Daniel Homem de Carvalho.<\/p>\n\n\n\n<p>Ele adiantou que outras iniciativas est\u00e3o previstas com o objetivo de valorizar este acervo hist\u00f3rico e art\u00edstico da ACRJ. Entre elas, visitas guiadas aos espa\u00e7os, cataloga\u00e7\u00e3o do acervo e disponibiliza\u00e7\u00e3o online.<\/p>\n\n\n\n<p>\u201cO Sistema Fecom\u00e9rcio RJ e a Associa\u00e7\u00e3o Comercial desenvolvem um importante trabalho em prol do com\u00e9rcio do Rio de Janeiro, e \u00e9 de extrema import\u00e2ncia refor\u00e7armos nossos la\u00e7os. Que a abertura da exposi\u00e7\u00e3o e lan\u00e7amento do livro sejam o in\u00edcio de uma produtiva parceria para o fortalecimento do com\u00e9rcio fluminense e a valoriza\u00e7\u00e3o da nossa hist\u00f3ria e cultura\u201d, explica Antonio Florencio de Queiroz Junior, presidente do Sistema Fecom\u00e9rcio RJ.<\/p>\n\n\n\n<p>\u00a0\u201cA Associa\u00e7\u00e3o Comercial compreende seu papel hist\u00f3rico, al\u00e9m de sua miss\u00e3o institucional, incentivando e valorizando as atividades culturais e seu rico acervo. E nada melhor do que iniciar este projeto expondo a escultura \u201cGalo Gaul\u00eas II\u201d, da artista Maria Martins\u201d, ressaltou o presidente do Conselho Empresarial de Assuntos Culturais da ACRJ, Douglas Fasolato.<\/p>\n\n\n\n<p>A iniciativa, al\u00e9m da parceria com o Sistema Fecom\u00e9rcio RJ, atrav\u00e9s do Senac, conta com o apoio do 15\u00ba Cart\u00f3rio.<\/p>\n\n\n\n<p><strong>Caracter\u00edsticas da obra<\/strong><\/p>\n\n\n\n<p>A obra \u201cGalo Gaul\u00eas II\u201d foi adquirida pela ACRJ para o Clube Comercial, que funcionava em seu edif\u00edcio-sede, e foi pr\u00e9-inaugurado com a presen\u00e7a da artista, em mar\u00e7o de 1956.<\/p>\n\n\n\n<p>Galo Gaul\u00eas II, 1955<\/p>\n\n\n\n<p>Material: Bronze<\/p>\n\n\n\n<p>Dimens\u00f5es: 1,38 x 86,5 x 23,5 cm<\/p>\n\n\n\n<p>Fundi\u00e7\u00e3o Zani<\/p>\n\n\n\n<p><strong>Biografia de Maria Martins<\/strong><\/p>\n\n\n\n<p>A escultora, pintora e desenhista Maria Martins (Campanha, MG, 1894 \u2013 Rio de Janeiro, RJ, 1973) \u00e9 internacionalmente reconhecida e a \u00fanica brasileira considerada integrante do surrealismo. Ela \u00e9 tamb\u00e9m um nome fundamental para a hist\u00f3ria do modernismo. Viveu em v\u00e1rias partes do mundo, estudando arte e produzindo seus trabalhos em cidades como T\u00f3quio, Paris, Copenhague, Bruxelas e Washington.<\/p>\n\n\n\n<p>Al\u00e9m de artista, foi poeta, jornalista e uma pensadora ativa sobre o papel da mulher na sociedade. Em sua obra, a artista criou formas org\u00e2nicas e selvagens, como se as figuras humanas sofressem um processo de metamorfose em que os corpos se tornam formas inventadas, parecendo animais, plantas ou mesmo monstros.<\/p>\n\n\n\n<p>Andr\u00e9 Breton, l\u00edder do movimento surrealista, reconheceu a vanguarda da escultora brasileira, e sobre ela escreveu, como informa a placa alusiva \u00e0 obra na sede da ACRJ. Nela diz que \u201cMaria conseguiu de modo maravilhoso capturar sua fonte primitiva\u2026 a aurora, a felicidade, a calma, e mesmo \u00e0s vezes o puro deleite\u201d. Mas a pr\u00f3pria artista se definia como \u201co meio-dia pleno da noite tropical\u201d.<\/p>\n\n\n\n<p><strong>SERVI\u00c7O<\/strong><\/p>\n\n\n\n<p><strong>Eventos<\/strong>: Exposi\u00e7\u00e3o da escultura Galo Gaul\u00eas, de Maria Martins; apresenta\u00e7\u00e3o do livro O Jornal do Commercio 1822-1922; e exibi\u00e7\u00e3o do Projeto M\u00fasica no Museu: Cl\u00e1ssicos da Bossa Nova e do choro<\/p>\n\n\n\n<p><strong>Abertura da exposi\u00e7\u00e3o<\/strong> dia 24 de mar\u00e7o, \u00e0s 11h30<\/p>\n\n\n\n<p><strong>Hor\u00e1rio de visita\u00e7\u00e3o<\/strong>: de 2\u00aa a 6\u00aa feira, de 10h \u00e0s 17h (at\u00e9 dia 31 de maio)<\/p>\n\n\n\n<p><strong>Local:<\/strong> Sede da ACRJ \u2013 Rua Candel\u00e1ria, 9, hall de entrada \u2013 Centro\/RJ.<\/p>\n\n\n\n<p><\/p>\n\n\n\n<div class=\"wp-block-columns is-layout-flex wp-container-core-columns-is-layout-9d6595d7 wp-block-columns-is-layout-flex\">\n<div class=\"wp-block-column is-layout-flow wp-block-column-is-layout-flow\"><div class=\"wp-block-image\">\n<figure class=\"aligncenter size-large is-resized\"><img fetchpriority=\"high\" decoding=\"async\" src=\"https:\/\/acrj.org.br\/wp-content\/uploads\/2023\/03\/WhatsApp-Image-2023-02-27-at-10.23.02-edited.jpeg\" alt=\"\" class=\"wp-image-15059\" width=\"237\" height=\"315\" srcset=\"https:\/\/acrj.org.br\/wp-content\/uploads\/2023\/03\/WhatsApp-Image-2023-02-27-at-10.23.02-edited.jpeg 900w, https:\/\/acrj.org.br\/wp-content\/uploads\/2023\/03\/WhatsApp-Image-2023-02-27-at-10.23.02-edited-600x800.jpeg 600w, https:\/\/acrj.org.br\/wp-content\/uploads\/2023\/03\/WhatsApp-Image-2023-02-27-at-10.23.02-edited-225x300.jpeg 225w, https:\/\/acrj.org.br\/wp-content\/uploads\/2023\/03\/WhatsApp-Image-2023-02-27-at-10.23.02-edited-768x1024.jpeg 768w\" sizes=\"(max-width: 237px) 100vw, 237px\" \/><figcaption class=\"wp-element-caption\">              Escultura Galo Gaul\u00eas II<\/figcaption><\/figure>\n<\/div><\/div>\n\n\n\n<div class=\"wp-block-column is-layout-flow wp-block-column-is-layout-flow\"><div class=\"wp-block-image\">\n<figure class=\"aligncenter size-large is-resized\"><img decoding=\"async\" src=\"https:\/\/acrj.org.br\/wp-content\/uploads\/2023\/03\/placa-1024x722.jpeg\" alt=\"\" class=\"wp-image-15058\" width=\"226\" height=\"159\" srcset=\"https:\/\/acrj.org.br\/wp-content\/uploads\/2023\/03\/placa-1024x722.jpeg 1024w, https:\/\/acrj.org.br\/wp-content\/uploads\/2023\/03\/placa-600x423.jpeg 600w, https:\/\/acrj.org.br\/wp-content\/uploads\/2023\/03\/placa-300x212.jpeg 300w, https:\/\/acrj.org.br\/wp-content\/uploads\/2023\/03\/placa-768x541.jpeg 768w, https:\/\/acrj.org.br\/wp-content\/uploads\/2023\/03\/placa.jpeg 1312w\" sizes=\"(max-width: 226px) 100vw, 226px\" \/><figcaption class=\"wp-element-caption\">Placa sobre a obra e a artista que se encontra no Mezanino da ACRJ<\/figcaption><\/figure>\n<\/div><\/div>\n\n\n\n<div class=\"wp-block-column is-layout-flow wp-block-column-is-layout-flow\">\n<figure class=\"wp-block-image size-large is-resized\"><img decoding=\"async\" src=\"https:\/\/acrj.org.br\/wp-content\/uploads\/2023\/03\/eventos-de-cultura-915x1024.jpg\" alt=\"\" class=\"wp-image-15052\" width=\"278\" height=\"311\" srcset=\"https:\/\/acrj.org.br\/wp-content\/uploads\/2023\/03\/eventos-de-cultura-915x1024.jpg 915w, https:\/\/acrj.org.br\/wp-content\/uploads\/2023\/03\/eventos-de-cultura-600x672.jpg 600w, https:\/\/acrj.org.br\/wp-content\/uploads\/2023\/03\/eventos-de-cultura-268x300.jpg 268w, https:\/\/acrj.org.br\/wp-content\/uploads\/2023\/03\/eventos-de-cultura-768x860.jpg 768w, https:\/\/acrj.org.br\/wp-content\/uploads\/2023\/03\/eventos-de-cultura.jpg 938w\" sizes=\"(max-width: 278px) 100vw, 278px\" \/><figcaption class=\"wp-element-caption\">Programa\u00e7\u00e3o<\/figcaption><\/figure>\n<\/div>\n<\/div>\n","protected":false},"excerpt":{"rendered":"<p>Parceria d\u00e1 in\u00edcio ao projeto de Valoriza\u00e7\u00e3o e Difus\u00e3o do Acervo Art\u00edstico da Associa\u00e7\u00e3o Comercial do Rio de Janeiro<\/p>\n","protected":false},"author":3,"featured_media":15050,"comment_status":"closed","ping_status":"closed","sticky":false,"template":"","format":"standard","meta":{"_exactmetrics_skip_tracking":false,"_exactmetrics_sitenote_active":false,"_exactmetrics_sitenote_note":"","_exactmetrics_sitenote_category":0,"footnotes":""},"categories":[6],"tags":[],"class_list":["post-15049","post","type-post","status-publish","format-standard","has-post-thumbnail","hentry","category-destaque_noticias"],"_links":{"self":[{"href":"https:\/\/acrj.org.br\/index.php\/wp-json\/wp\/v2\/posts\/15049","targetHints":{"allow":["GET"]}}],"collection":[{"href":"https:\/\/acrj.org.br\/index.php\/wp-json\/wp\/v2\/posts"}],"about":[{"href":"https:\/\/acrj.org.br\/index.php\/wp-json\/wp\/v2\/types\/post"}],"author":[{"embeddable":true,"href":"https:\/\/acrj.org.br\/index.php\/wp-json\/wp\/v2\/users\/3"}],"replies":[{"embeddable":true,"href":"https:\/\/acrj.org.br\/index.php\/wp-json\/wp\/v2\/comments?post=15049"}],"version-history":[{"count":0,"href":"https:\/\/acrj.org.br\/index.php\/wp-json\/wp\/v2\/posts\/15049\/revisions"}],"wp:featuredmedia":[{"embeddable":true,"href":"https:\/\/acrj.org.br\/index.php\/wp-json\/wp\/v2\/media\/15050"}],"wp:attachment":[{"href":"https:\/\/acrj.org.br\/index.php\/wp-json\/wp\/v2\/media?parent=15049"}],"wp:term":[{"taxonomy":"category","embeddable":true,"href":"https:\/\/acrj.org.br\/index.php\/wp-json\/wp\/v2\/categories?post=15049"},{"taxonomy":"post_tag","embeddable":true,"href":"https:\/\/acrj.org.br\/index.php\/wp-json\/wp\/v2\/tags?post=15049"}],"curies":[{"name":"wp","href":"https:\/\/api.w.org\/{rel}","templated":true}]}}