{"id":15036,"date":"2023-03-16T16:12:31","date_gmt":"2023-03-16T19:12:31","guid":{"rendered":"https:\/\/acrj.org.br\/?p=15036"},"modified":"2023-03-17T10:18:32","modified_gmt":"2023-03-17T13:18:32","slug":"conselho-de-logistica-retoma-debate-sobre-aeroportos-concessao-de-rodovias-e-brt-transbrasil","status":"publish","type":"post","link":"https:\/\/acrj.org.br\/index.php\/2023\/03\/16\/conselho-de-logistica-retoma-debate-sobre-aeroportos-concessao-de-rodovias-e-brt-transbrasil\/","title":{"rendered":"Conselho de Log\u00edstica retoma debate sobre aeroportos, concess\u00e3o de rodovias e BRT Transbrasil"},"content":{"rendered":"\n<p>A reuni\u00e3o do Conselho Empresarial de Log\u00edstica e Transporte (CELT) da ACRJ, realizada dia 16 de mar\u00e7o, tratou de temas recorrentes que afligem o empresariado carioca e fluminense. Entre eles, seguran\u00e7a p\u00fablica e planejamento estrat\u00e9gico do Estado do Rio de Janeiro, a concess\u00e3o da BR 040, o BRT Transbrasil e o novo Terminal Gentileza e a quest\u00e3o dos aeroportos Santos Dumont e Gale\u00e3o.<\/p>\n\n\n\n<p>Sobre o tema dos aeroportos, o conselheiro S\u00e9rgio Vianna informou que foram retomadas as reuni\u00f5es do Grupo de Trabalho que conta com a participa\u00e7\u00e3o de representantes dos governos estadual e municipal, al\u00e9m das entidades ACRJ, Fecom\u00e9rcio RJ e Firjan. \u201cFizemos uma reuni\u00e3o com a Secretaria de Avia\u00e7\u00e3o Civil (SAC) para dar continuidade \u00e0 discuss\u00e3o deste assunto. O GT est\u00e1 trabalhando em um estudo t\u00e9cnico com a proposta de limita\u00e7\u00e3o da capacidade de passageiros do Santos Dumont para posterior apresenta\u00e7\u00e3o ao ministro de Portos e Aeroportos, M\u00e1rcio Fran\u00e7a\u201d, explicou.&nbsp; Ele adiantou que, no pr\u00f3ximo dia 23, ser\u00e1 realizada nova reuni\u00e3o do GT.<\/p>\n\n\n\n<p>Vianna tamb\u00e9m comunicou que dois eventos est\u00e3o sendo organizados pela ACRJ. Um deles \u00e9 com as concession\u00e1rias de servi\u00e7os p\u00fablicos que atuam no Rio de Janeiro, sejam de \u00e2mbito estadual ou federal. O objetivo \u00e9 apresentar a situa\u00e7\u00e3o atual dos servi\u00e7os prestados \u00e0 popula\u00e7\u00e3o e as perspectivas de melhoria na opera\u00e7\u00e3o. \u201cAssim poderemos ter um amplo diagn\u00f3stico para a elabora\u00e7\u00e3o de um planejamento de a\u00e7\u00f5es para buscar apoio aos poderes concedentes\u201d, disse. O outro \u00e9 com as autoridades portu\u00e1rias federais brasileiras para o debate sobre a import\u00e2ncia da dragagem do Porto do Rio para receber navios de 366 metros, os maiores previstos para a Costa Leste da Am\u00e9rica do Sul.<\/p>\n\n\n\n<p>O presidente Eduardo Rebuzzi falou tamb\u00e9m sobre a import\u00e2ncia de o Governo do Estado apresentar as diretrizes do Planejamento Estrat\u00e9gico do Rio de Janeiro. Os conselheiros concordaram que, devido \u00e0 urg\u00eancia de algumas a\u00e7\u00f5es que devem ser tomadas, trabalhar\u00e3o como base as estrat\u00e9gias estabelecidas no Plano Plurianual (PPA), em vigor. Ficou decidido que o CELT vai propor \u00e0 Presid\u00eancia da ACRJ convidar o Secret\u00e1rio de Planejamento do Estado para fazer uma apresenta\u00e7\u00e3o sobre o Plano Plurianual \u2013 PPA 2024\/2027, envolvendo todos os Conselhos.<\/p>\n\n\n\n<p>Sobre a concess\u00e3o da BR 040 \u2013 Rio\/Belo Horizonte, o Conselho apresentou um relato detalhado sobre o assunto informando que h\u00e1 uma carta pronta para envio ao ministro dos Transportes, Renan Filho. A sugest\u00e3o foi analisar o conte\u00fado deste documento e levar \u00e0 presid\u00eancia da ACRJ para defini\u00e7\u00e3o de uma a\u00e7\u00e3o em conjunto com outras entidades parceiras. \u201cVamos criar uma agenda para retomar este tema com todos os atores envolvidos e interessados em defender um posicionamento que seja melhor para o estado do Rio de Janeiro\u201d, disse Rebuzzi.<\/p>\n\n\n\n<figure class=\"wp-block-gallery has-nested-images columns-default is-cropped wp-block-gallery-1 is-layout-flex wp-block-gallery-is-layout-flex\">\n<figure class=\"wp-block-image size-large\"><img fetchpriority=\"high\" decoding=\"async\" width=\"1024\" height=\"576\" data-id=\"15040\" src=\"https:\/\/acrj.org.br\/wp-content\/uploads\/2023\/03\/IMG_20230316_102419155_BURST000_COVER_COMP-1024x576.jpg\" alt=\"\" class=\"wp-image-15040\" srcset=\"https:\/\/acrj.org.br\/wp-content\/uploads\/2023\/03\/IMG_20230316_102419155_BURST000_COVER_COMP-1024x576.jpg 1024w, https:\/\/acrj.org.br\/wp-content\/uploads\/2023\/03\/IMG_20230316_102419155_BURST000_COVER_COMP-scaled-600x338.jpg 600w, https:\/\/acrj.org.br\/wp-content\/uploads\/2023\/03\/IMG_20230316_102419155_BURST000_COVER_COMP-300x169.jpg 300w, https:\/\/acrj.org.br\/wp-content\/uploads\/2023\/03\/IMG_20230316_102419155_BURST000_COVER_COMP-768x432.jpg 768w, https:\/\/acrj.org.br\/wp-content\/uploads\/2023\/03\/IMG_20230316_102419155_BURST000_COVER_COMP-1536x864.jpg 1536w, https:\/\/acrj.org.br\/wp-content\/uploads\/2023\/03\/IMG_20230316_102419155_BURST000_COVER_COMP-2048x1152.jpg 2048w\" sizes=\"(max-width: 1024px) 100vw, 1024px\" \/><\/figure>\n\n\n\n<figure class=\"wp-block-image size-large\"><img decoding=\"async\" width=\"2560\" height=\"1920\" data-id=\"15042\" src=\"https:\/\/acrj.org.br\/wp-content\/uploads\/2023\/03\/IMG_20230316_102433029_BURST000_COVER_COMP-edited-scaled.jpg\" alt=\"\" class=\"wp-image-15042\" srcset=\"https:\/\/acrj.org.br\/wp-content\/uploads\/2023\/03\/IMG_20230316_102433029_BURST000_COVER_COMP-edited-scaled.jpg 2560w, https:\/\/acrj.org.br\/wp-content\/uploads\/2023\/03\/IMG_20230316_102433029_BURST000_COVER_COMP-edited-scaled-600x450.jpg 600w, https:\/\/acrj.org.br\/wp-content\/uploads\/2023\/03\/IMG_20230316_102433029_BURST000_COVER_COMP-edited-300x225.jpg 300w, https:\/\/acrj.org.br\/wp-content\/uploads\/2023\/03\/IMG_20230316_102433029_BURST000_COVER_COMP-edited-1024x768.jpg 1024w, https:\/\/acrj.org.br\/wp-content\/uploads\/2023\/03\/IMG_20230316_102433029_BURST000_COVER_COMP-edited-768x576.jpg 768w, https:\/\/acrj.org.br\/wp-content\/uploads\/2023\/03\/IMG_20230316_102433029_BURST000_COVER_COMP-edited-1536x1152.jpg 1536w, https:\/\/acrj.org.br\/wp-content\/uploads\/2023\/03\/IMG_20230316_102433029_BURST000_COVER_COMP-edited-2048x1536.jpg 2048w\" sizes=\"(max-width: 2560px) 100vw, 2560px\" \/><\/figure>\n<\/figure>\n","protected":false},"excerpt":{"rendered":"<p>A reuni\u00e3o do Conselho Empresarial de Log\u00edstica e Transporte (CELT) da ACRJ, realizada dia 16 de mar\u00e7o, tratou de temas recorrentes que afligem o empresariado&hellip;<\/p>\n","protected":false},"author":3,"featured_media":15039,"comment_status":"closed","ping_status":"closed","sticky":false,"template":"","format":"standard","meta":{"_exactmetrics_skip_tracking":false,"_exactmetrics_sitenote_active":false,"_exactmetrics_sitenote_note":"","_exactmetrics_sitenote_category":0,"footnotes":""},"categories":[10],"tags":[],"class_list":["post-15036","post","type-post","status-publish","format-standard","has-post-thumbnail","hentry","category-noticias"],"_links":{"self":[{"href":"https:\/\/acrj.org.br\/index.php\/wp-json\/wp\/v2\/posts\/15036","targetHints":{"allow":["GET"]}}],"collection":[{"href":"https:\/\/acrj.org.br\/index.php\/wp-json\/wp\/v2\/posts"}],"about":[{"href":"https:\/\/acrj.org.br\/index.php\/wp-json\/wp\/v2\/types\/post"}],"author":[{"embeddable":true,"href":"https:\/\/acrj.org.br\/index.php\/wp-json\/wp\/v2\/users\/3"}],"replies":[{"embeddable":true,"href":"https:\/\/acrj.org.br\/index.php\/wp-json\/wp\/v2\/comments?post=15036"}],"version-history":[{"count":0,"href":"https:\/\/acrj.org.br\/index.php\/wp-json\/wp\/v2\/posts\/15036\/revisions"}],"wp:featuredmedia":[{"embeddable":true,"href":"https:\/\/acrj.org.br\/index.php\/wp-json\/wp\/v2\/media\/15039"}],"wp:attachment":[{"href":"https:\/\/acrj.org.br\/index.php\/wp-json\/wp\/v2\/media?parent=15036"}],"wp:term":[{"taxonomy":"category","embeddable":true,"href":"https:\/\/acrj.org.br\/index.php\/wp-json\/wp\/v2\/categories?post=15036"},{"taxonomy":"post_tag","embeddable":true,"href":"https:\/\/acrj.org.br\/index.php\/wp-json\/wp\/v2\/tags?post=15036"}],"curies":[{"name":"wp","href":"https:\/\/api.w.org\/{rel}","templated":true}]}}