{"id":15026,"date":"2023-03-15T15:29:55","date_gmt":"2023-03-15T18:29:55","guid":{"rendered":"https:\/\/acrj.org.br\/?p=15026"},"modified":"2023-03-21T12:04:31","modified_gmt":"2023-03-21T15:04:31","slug":"acrj-promove-palestra-sobre-o-programa-litigio-zero","status":"publish","type":"post","link":"https:\/\/acrj.org.br\/index.php\/2023\/03\/15\/acrj-promove-palestra-sobre-o-programa-litigio-zero\/","title":{"rendered":"ACRJ promove palestra sobre o Programa Lit\u00edgio Zero"},"content":{"rendered":"\n<p>A <strong>Associa\u00e7\u00e3o Comercial do Rio de Janeiro<\/strong> promove, dia 20\/3, uma palestra sobre o programa Lit\u00edgio Zero, \u00e0s 10h. Especialistas da Receita Federal v\u00e3o debater a medida de regulariza\u00e7\u00e3o tribut\u00e1ria para renegocia\u00e7\u00e3o de d\u00edvidas. <\/p>\n\n\n\n<p>O evento \u00e9 gratuito e \u00e9 uma realiza\u00e7\u00e3o da ACRJ, Fecom\u00e9rcio RJ, Receita Federal e CRC-RJ. Outras informa\u00e7\u00f5es pelos telefones: 2514-1206 \/\/ 1280. Para se inscrever, <strong><a href=\"https:\/\/docs.google.com\/forms\/d\/e\/1FAIpQLSfyk65-3N3aRWuh4dw6hh6MQY77UGK2vUWGvEVkhsqgw7PJyQ\/viewform\">acesse aqui<\/a><\/strong><\/p>\n","protected":false},"excerpt":{"rendered":"<p>A Associa\u00e7\u00e3o Comercial do Rio de Janeiro promove, dia 20\/3, uma palestra sobre o programa Lit\u00edgio Zero, \u00e0s 10h. Especialistas da Receita Federal v\u00e3o debater&hellip;<\/p>\n","protected":false},"author":3,"featured_media":15027,"comment_status":"closed","ping_status":"closed","sticky":false,"template":"","format":"standard","meta":{"_exactmetrics_skip_tracking":false,"_exactmetrics_sitenote_active":false,"_exactmetrics_sitenote_note":"","_exactmetrics_sitenote_category":0,"footnotes":""},"categories":[10],"tags":[],"class_list":["post-15026","post","type-post","status-publish","format-standard","has-post-thumbnail","hentry","category-noticias"],"_links":{"self":[{"href":"https:\/\/acrj.org.br\/index.php\/wp-json\/wp\/v2\/posts\/15026","targetHints":{"allow":["GET"]}}],"collection":[{"href":"https:\/\/acrj.org.br\/index.php\/wp-json\/wp\/v2\/posts"}],"about":[{"href":"https:\/\/acrj.org.br\/index.php\/wp-json\/wp\/v2\/types\/post"}],"author":[{"embeddable":true,"href":"https:\/\/acrj.org.br\/index.php\/wp-json\/wp\/v2\/users\/3"}],"replies":[{"embeddable":true,"href":"https:\/\/acrj.org.br\/index.php\/wp-json\/wp\/v2\/comments?post=15026"}],"version-history":[{"count":0,"href":"https:\/\/acrj.org.br\/index.php\/wp-json\/wp\/v2\/posts\/15026\/revisions"}],"wp:featuredmedia":[{"embeddable":true,"href":"https:\/\/acrj.org.br\/index.php\/wp-json\/wp\/v2\/media\/15027"}],"wp:attachment":[{"href":"https:\/\/acrj.org.br\/index.php\/wp-json\/wp\/v2\/media?parent=15026"}],"wp:term":[{"taxonomy":"category","embeddable":true,"href":"https:\/\/acrj.org.br\/index.php\/wp-json\/wp\/v2\/categories?post=15026"},{"taxonomy":"post_tag","embeddable":true,"href":"https:\/\/acrj.org.br\/index.php\/wp-json\/wp\/v2\/tags?post=15026"}],"curies":[{"name":"wp","href":"https:\/\/api.w.org\/{rel}","templated":true}]}}