{"id":14915,"date":"2023-03-10T08:17:08","date_gmt":"2023-03-10T11:17:08","guid":{"rendered":"https:\/\/acrj.org.br\/?p=14915"},"modified":"2023-03-10T08:53:33","modified_gmt":"2023-03-10T11:53:33","slug":"acrj-e-contra-a-volta-da-exigencia-de-visto-para-turistas-de-quatro-paises","status":"publish","type":"post","link":"https:\/\/acrj.org.br\/index.php\/2023\/03\/10\/acrj-e-contra-a-volta-da-exigencia-de-visto-para-turistas-de-quatro-paises\/","title":{"rendered":"ACRJ \u00e9 contra a volta da exig\u00eancia de visto para turistas de quatro pa\u00edses"},"content":{"rendered":"\n<p>A Associa\u00e7\u00e3o Comercial do Rio de Janeiro se posicionou contr\u00e1ria \u00e0 decis\u00e3o do Governo Federal de voltar a exigir visto para cidad\u00e3os dos Estados Unidos, Canad\u00e1, Jap\u00e3o e Austr\u00e1lia. <\/p>\n\n\n\n<p>A lei da reciprocidade na exig\u00eancia de vistos \u00e9 uma medida utilizada por destinos que sofrem com problemas de imigra\u00e7\u00e3o, o que n\u00e3o \u00e9 o caso do Brasil. Segundo o presidente em exerc\u00edcio da ACRJ, Daniel Homem de Carvalho,  o trade tur\u00edstico do Rio de Janeiro, e do Brasil como um todo, n\u00e3o est\u00e1 a favor desta decis\u00e3o,  &#8220;que \u00e9 um retrocesso&#8221;. &#8220;A medida foi tomada sem ouvir as empresas do setor de turismo, que durante muitos anos reivindicou a queda da exig\u00eancia do visto&#8221;, ressaltou.<\/p>\n\n\n\n<p>O presidente do Conselho Empresarial de Turismo da ACRJ e do Hot\u00e9isRIO, Alfredo Lopes, destacou a import\u00e2ncia desses turistas estrangeiros para o Rio. &#8220;\u00c9 preciso que o governo entenda que n\u00f3s precisamos desses turistas estrangeiros para diminuir o d\u00e9ficit na balan\u00e7a comercial do turismo e alavancar a economia. Dificultar esse acesso \u00e9 um contrassenso\u201d, afirmou.<\/p>\n","protected":false},"excerpt":{"rendered":"<p>A Associa\u00e7\u00e3o Comercial do Rio de Janeiro se posicionou contr\u00e1ria \u00e0 decis\u00e3o do Governo Federal de voltar a exigir visto para cidad\u00e3os dos Estados Unidos,&hellip;<\/p>\n","protected":false},"author":3,"featured_media":14756,"comment_status":"closed","ping_status":"closed","sticky":false,"template":"","format":"standard","meta":{"_exactmetrics_skip_tracking":false,"_exactmetrics_sitenote_active":false,"_exactmetrics_sitenote_note":"","_exactmetrics_sitenote_category":0,"footnotes":""},"categories":[6],"tags":[],"class_list":["post-14915","post","type-post","status-publish","format-standard","has-post-thumbnail","hentry","category-destaque_noticias"],"_links":{"self":[{"href":"https:\/\/acrj.org.br\/index.php\/wp-json\/wp\/v2\/posts\/14915","targetHints":{"allow":["GET"]}}],"collection":[{"href":"https:\/\/acrj.org.br\/index.php\/wp-json\/wp\/v2\/posts"}],"about":[{"href":"https:\/\/acrj.org.br\/index.php\/wp-json\/wp\/v2\/types\/post"}],"author":[{"embeddable":true,"href":"https:\/\/acrj.org.br\/index.php\/wp-json\/wp\/v2\/users\/3"}],"replies":[{"embeddable":true,"href":"https:\/\/acrj.org.br\/index.php\/wp-json\/wp\/v2\/comments?post=14915"}],"version-history":[{"count":0,"href":"https:\/\/acrj.org.br\/index.php\/wp-json\/wp\/v2\/posts\/14915\/revisions"}],"wp:featuredmedia":[{"embeddable":true,"href":"https:\/\/acrj.org.br\/index.php\/wp-json\/wp\/v2\/media\/14756"}],"wp:attachment":[{"href":"https:\/\/acrj.org.br\/index.php\/wp-json\/wp\/v2\/media?parent=14915"}],"wp:term":[{"taxonomy":"category","embeddable":true,"href":"https:\/\/acrj.org.br\/index.php\/wp-json\/wp\/v2\/categories?post=14915"},{"taxonomy":"post_tag","embeddable":true,"href":"https:\/\/acrj.org.br\/index.php\/wp-json\/wp\/v2\/tags?post=14915"}],"curies":[{"name":"wp","href":"https:\/\/api.w.org\/{rel}","templated":true}]}}