{"id":14829,"date":"2023-03-07T10:52:09","date_gmt":"2023-03-07T13:52:09","guid":{"rendered":"https:\/\/acrj.org.br\/?p=14829"},"modified":"2023-03-07T11:03:06","modified_gmt":"2023-03-07T14:03:06","slug":"conselho-de-jovens-da-acrj-visita-o-porto-do-acu","status":"publish","type":"post","link":"https:\/\/acrj.org.br\/index.php\/2023\/03\/07\/conselho-de-jovens-da-acrj-visita-o-porto-do-acu\/","title":{"rendered":"Conselho de Jovens da ACRJ visita o Porto do A\u00e7u"},"content":{"rendered":"\n<p>Membros do <strong>Conselho Empresarial de Jovens<\/strong> da <strong>Associa\u00e7\u00e3o Comercial do Rio de Janeiro<\/strong> visitaram, dia 6 de mar\u00e7o, o Porto do A\u00e7u, no norte fluminense. A atividade foi promovida pela Associa\u00e7\u00e3o Comercial e Industrial de Campos (ACIC) e teve o objetivo de conhecer o potencial de crescimento do porto, visando atrair novos parceiros. O grupo da <strong>ACRJ<\/strong> fez parte de uma comitiva de 40 empres\u00e1rios, que conheceu as empresas Ferroport, GNA, BP Prumo, Dome e a Molhe Sul. O analista s\u00eanior do Porto do A\u00e7u, Bruno Esteves, recebeu e acompanhou os empres\u00e1rios.<\/p>\n\n\n\n<p>O presidente do Conselho de Jovens da Associa\u00e7\u00e3o Comercial, Pedro Rafael, destacou a import\u00e2ncia de ir ao Porto do A\u00e7u, que \u00e9 uma \u201cmola propulsora do desenvolvimento do nosso estado do Rio de Janeiro\u201d. Ele acrescentou que \u201cconhecer de perto esta \u00e1rea foi uma oportunidade de ver o quanto temos para crescer ainda no futuro. Foi fundamental fazer esta visita com a Associa\u00e7\u00e3o Comercial de Campos dos Goytacazes para entender as dores e tem\u00e1ticas pertinentes para esta regi\u00e3o do estado e parte do Sudeste brasileiro\u201d, enfatizou.<\/p>\n\n\n\n<p>Atualmente, s\u00e3o 20 empresas instaladas e gerando milhares de empregos, al\u00e9m de contribuir para o aumento da receita do munic\u00edpio de S\u00e3o Jo\u00e3o da Barra e outras cidades da regi\u00e3o. \u201cEsta visita nos permitiu ter uma dimens\u00e3o do leque de oportunidades que temos na regi\u00e3o e quanto temos para crescer no curto, m\u00e9dio e longo prazos, inserindo o Brasil cada vez mais no mundo desenvolvido&#8221;, disse o presidente da ACIC, Fernando Loureiro.<\/p>\n\n\n\n<p>O Porto do A\u00e7u \u00e9 o \u00fanico totalmente privado no pa\u00eds, onde os investimentos j\u00e1 somam 20 bilh\u00f5es e prev\u00ea para os pr\u00f3ximos 10 anos mais 22 bilh\u00f5es de investimentos, com foco no crescimento sustent\u00e1vel. Em 2022, o complexo portu\u00e1rio atingiu o recorde de 57,4 milh\u00f5es de toneladas movimentadas, registrando um aumento de 3% se comparado com o ano anterior.<br>\u201cGosto de pensar na rela\u00e7\u00e3o do empresariado com o A\u00e7u para al\u00e9m da presta\u00e7\u00e3o de servi\u00e7os. Tamb\u00e9m precisamos utiliz\u00e1-lo para aumentar nossas fronteiras, expandindo os neg\u00f3cios com o mundo globalizado&#8221;, acrescentou o novo presidente do Conselho Empresarial de Jovens (CONEJ) da ACIC, Paulo Corr\u00eaa Filho.<br>De acordo com informa\u00e7\u00f5es da assessoria do Porto do A\u00e7u, os pr\u00f3ximos passos contemplam a expans\u00e3o das atividades de min\u00e9rio, petr\u00f3leo e g\u00e1s, al\u00e9m de acelerar a industrializa\u00e7\u00e3o e avan\u00e7ar com projetos de energia renov\u00e1veis. Al\u00e9m de possuir o terceiro maior terminal de min\u00e9rio de ferro do Brasil, \u00e9 respons\u00e1vel por 30% das exporta\u00e7\u00f5es brasileiras de petr\u00f3leo, ergue a maior parque t\u00e9rmico da Am\u00e9rica Latina e abriga a maior base de apoio offshore do mundo.<\/p>\n\n\n\n<p><strong>Conselho de Jovens da ACIC<\/strong><br>Os conselheiros da ACRJ tamb\u00e9m participaram da posse do primeiro presidente do Conselho Empresarial de Jovens (CONEJ) da ACIC, Paulo Corr\u00eaa Filho. De acordo com o 1\u00ba secret\u00e1rio da ACIC, Fernando Loureiro Filho, o conselho da ACRJ foi fundamental para ajudar a estruturar a cria\u00e7\u00e3o e implementa\u00e7\u00e3o do CONEJ em Campos.<\/p>\n\n\n\n<figure class=\"wp-block-gallery has-nested-images columns-3 is-cropped wp-block-gallery-1 is-layout-flex wp-block-gallery-is-layout-flex\">\n<figure class=\"wp-block-image size-medium\"><img fetchpriority=\"high\" decoding=\"async\" width=\"300\" height=\"200\" data-id=\"14831\" src=\"https:\/\/acrj.org.br\/wp-content\/uploads\/2023\/03\/WhatsApp-Image-2023-03-07-at-08.43.00-1-300x200.jpeg\" alt=\"\" class=\"wp-image-14831\" srcset=\"https:\/\/acrj.org.br\/wp-content\/uploads\/2023\/03\/WhatsApp-Image-2023-03-07-at-08.43.00-1-300x200.jpeg 300w, https:\/\/acrj.org.br\/wp-content\/uploads\/2023\/03\/WhatsApp-Image-2023-03-07-at-08.43.00-1-600x400.jpeg 600w, https:\/\/acrj.org.br\/wp-content\/uploads\/2023\/03\/WhatsApp-Image-2023-03-07-at-08.43.00-1-1024x683.jpeg 1024w, https:\/\/acrj.org.br\/wp-content\/uploads\/2023\/03\/WhatsApp-Image-2023-03-07-at-08.43.00-1-768x512.jpeg 768w, https:\/\/acrj.org.br\/wp-content\/uploads\/2023\/03\/WhatsApp-Image-2023-03-07-at-08.43.00-1.jpeg 1531w\" sizes=\"(max-width: 300px) 100vw, 300px\" \/><\/figure>\n\n\n\n<figure class=\"wp-block-image size-large\"><img decoding=\"async\" width=\"1024\" height=\"683\" data-id=\"14832\" src=\"https:\/\/acrj.org.br\/wp-content\/uploads\/2023\/03\/WhatsApp-Image-2023-03-07-at-08.43.00-1024x683.jpeg\" alt=\"\" class=\"wp-image-14832\" srcset=\"https:\/\/acrj.org.br\/wp-content\/uploads\/2023\/03\/WhatsApp-Image-2023-03-07-at-08.43.00-1024x683.jpeg 1024w, https:\/\/acrj.org.br\/wp-content\/uploads\/2023\/03\/WhatsApp-Image-2023-03-07-at-08.43.00-600x400.jpeg 600w, https:\/\/acrj.org.br\/wp-content\/uploads\/2023\/03\/WhatsApp-Image-2023-03-07-at-08.43.00-300x200.jpeg 300w, https:\/\/acrj.org.br\/wp-content\/uploads\/2023\/03\/WhatsApp-Image-2023-03-07-at-08.43.00-768x512.jpeg 768w, https:\/\/acrj.org.br\/wp-content\/uploads\/2023\/03\/WhatsApp-Image-2023-03-07-at-08.43.00.jpeg 1531w\" sizes=\"(max-width: 1024px) 100vw, 1024px\" \/><\/figure>\n\n\n\n<figure class=\"wp-block-image size-large\"><img decoding=\"async\" width=\"1024\" height=\"683\" data-id=\"14833\" src=\"https:\/\/acrj.org.br\/wp-content\/uploads\/2023\/03\/WhatsApp-Image-2023-03-07-at-08.43.02-1024x683.jpeg\" alt=\"\" class=\"wp-image-14833\" srcset=\"https:\/\/acrj.org.br\/wp-content\/uploads\/2023\/03\/WhatsApp-Image-2023-03-07-at-08.43.02-1024x683.jpeg 1024w, https:\/\/acrj.org.br\/wp-content\/uploads\/2023\/03\/WhatsApp-Image-2023-03-07-at-08.43.02-600x400.jpeg 600w, https:\/\/acrj.org.br\/wp-content\/uploads\/2023\/03\/WhatsApp-Image-2023-03-07-at-08.43.02-300x200.jpeg 300w, https:\/\/acrj.org.br\/wp-content\/uploads\/2023\/03\/WhatsApp-Image-2023-03-07-at-08.43.02-768x512.jpeg 768w, https:\/\/acrj.org.br\/wp-content\/uploads\/2023\/03\/WhatsApp-Image-2023-03-07-at-08.43.02.jpeg 1531w\" sizes=\"(max-width: 1024px) 100vw, 1024px\" \/><\/figure>\n\n\n\n<figure class=\"wp-block-image size-large\"><img loading=\"lazy\" decoding=\"async\" width=\"1024\" height=\"682\" data-id=\"14834\" src=\"https:\/\/acrj.org.br\/wp-content\/uploads\/2023\/03\/WhatsApp-Image-2023-03-07-at-08.44.18-1024x682.jpeg\" alt=\"\" class=\"wp-image-14834\" srcset=\"https:\/\/acrj.org.br\/wp-content\/uploads\/2023\/03\/WhatsApp-Image-2023-03-07-at-08.44.18-1024x682.jpeg 1024w, https:\/\/acrj.org.br\/wp-content\/uploads\/2023\/03\/WhatsApp-Image-2023-03-07-at-08.44.18-600x400.jpeg 600w, https:\/\/acrj.org.br\/wp-content\/uploads\/2023\/03\/WhatsApp-Image-2023-03-07-at-08.44.18-300x200.jpeg 300w, https:\/\/acrj.org.br\/wp-content\/uploads\/2023\/03\/WhatsApp-Image-2023-03-07-at-08.44.18-768x512.jpeg 768w, https:\/\/acrj.org.br\/wp-content\/uploads\/2023\/03\/WhatsApp-Image-2023-03-07-at-08.44.18-1536x1023.jpeg 1536w, https:\/\/acrj.org.br\/wp-content\/uploads\/2023\/03\/WhatsApp-Image-2023-03-07-at-08.44.18.jpeg 1600w\" sizes=\"(max-width: 1024px) 100vw, 1024px\" \/><\/figure>\n\n\n\n<figure class=\"wp-block-image size-large\"><img loading=\"lazy\" decoding=\"async\" width=\"1024\" height=\"682\" data-id=\"14835\" src=\"https:\/\/acrj.org.br\/wp-content\/uploads\/2023\/03\/WhatsApp-Image-2023-03-07-at-08.44.18-1-1024x682.jpeg\" alt=\"\" class=\"wp-image-14835\" srcset=\"https:\/\/acrj.org.br\/wp-content\/uploads\/2023\/03\/WhatsApp-Image-2023-03-07-at-08.44.18-1-1024x682.jpeg 1024w, https:\/\/acrj.org.br\/wp-content\/uploads\/2023\/03\/WhatsApp-Image-2023-03-07-at-08.44.18-1-600x400.jpeg 600w, https:\/\/acrj.org.br\/wp-content\/uploads\/2023\/03\/WhatsApp-Image-2023-03-07-at-08.44.18-1-300x200.jpeg 300w, https:\/\/acrj.org.br\/wp-content\/uploads\/2023\/03\/WhatsApp-Image-2023-03-07-at-08.44.18-1-768x512.jpeg 768w, https:\/\/acrj.org.br\/wp-content\/uploads\/2023\/03\/WhatsApp-Image-2023-03-07-at-08.44.18-1-1536x1023.jpeg 1536w, https:\/\/acrj.org.br\/wp-content\/uploads\/2023\/03\/WhatsApp-Image-2023-03-07-at-08.44.18-1.jpeg 1600w\" sizes=\"(max-width: 1024px) 100vw, 1024px\" \/><\/figure>\n\n\n\n<figure class=\"wp-block-image size-large\"><img loading=\"lazy\" decoding=\"async\" width=\"1024\" height=\"683\" data-id=\"14836\" src=\"https:\/\/acrj.org.br\/wp-content\/uploads\/2023\/03\/WhatsApp-Image-2023-03-07-at-08.43.02-1-1024x683.jpeg\" alt=\"\" class=\"wp-image-14836\" srcset=\"https:\/\/acrj.org.br\/wp-content\/uploads\/2023\/03\/WhatsApp-Image-2023-03-07-at-08.43.02-1-1024x683.jpeg 1024w, https:\/\/acrj.org.br\/wp-content\/uploads\/2023\/03\/WhatsApp-Image-2023-03-07-at-08.43.02-1-600x400.jpeg 600w, https:\/\/acrj.org.br\/wp-content\/uploads\/2023\/03\/WhatsApp-Image-2023-03-07-at-08.43.02-1-300x200.jpeg 300w, https:\/\/acrj.org.br\/wp-content\/uploads\/2023\/03\/WhatsApp-Image-2023-03-07-at-08.43.02-1-768x512.jpeg 768w, https:\/\/acrj.org.br\/wp-content\/uploads\/2023\/03\/WhatsApp-Image-2023-03-07-at-08.43.02-1.jpeg 1531w\" sizes=\"(max-width: 1024px) 100vw, 1024px\" \/><\/figure>\n<\/figure>\n\n\n\n<p>Fotos: Ant\u00f4nio Cruz<\/p>\n\n\n\n<p>Com Assessoria da ACIC<\/p>\n","protected":false},"excerpt":{"rendered":"<p>Membros do Conselho Empresarial de Jovens da Associa\u00e7\u00e3o Comercial do Rio de Janeiro visitaram, dia 6 de mar\u00e7o, o Porto do A\u00e7u, no norte fluminense.&hellip;<\/p>\n","protected":false},"author":3,"featured_media":14830,"comment_status":"closed","ping_status":"closed","sticky":false,"template":"","format":"standard","meta":{"_exactmetrics_skip_tracking":false,"_exactmetrics_sitenote_active":false,"_exactmetrics_sitenote_note":"","_exactmetrics_sitenote_category":0,"footnotes":""},"categories":[10],"tags":[],"class_list":["post-14829","post","type-post","status-publish","format-standard","has-post-thumbnail","hentry","category-noticias"],"_links":{"self":[{"href":"https:\/\/acrj.org.br\/index.php\/wp-json\/wp\/v2\/posts\/14829","targetHints":{"allow":["GET"]}}],"collection":[{"href":"https:\/\/acrj.org.br\/index.php\/wp-json\/wp\/v2\/posts"}],"about":[{"href":"https:\/\/acrj.org.br\/index.php\/wp-json\/wp\/v2\/types\/post"}],"author":[{"embeddable":true,"href":"https:\/\/acrj.org.br\/index.php\/wp-json\/wp\/v2\/users\/3"}],"replies":[{"embeddable":true,"href":"https:\/\/acrj.org.br\/index.php\/wp-json\/wp\/v2\/comments?post=14829"}],"version-history":[{"count":0,"href":"https:\/\/acrj.org.br\/index.php\/wp-json\/wp\/v2\/posts\/14829\/revisions"}],"wp:featuredmedia":[{"embeddable":true,"href":"https:\/\/acrj.org.br\/index.php\/wp-json\/wp\/v2\/media\/14830"}],"wp:attachment":[{"href":"https:\/\/acrj.org.br\/index.php\/wp-json\/wp\/v2\/media?parent=14829"}],"wp:term":[{"taxonomy":"category","embeddable":true,"href":"https:\/\/acrj.org.br\/index.php\/wp-json\/wp\/v2\/categories?post=14829"},{"taxonomy":"post_tag","embeddable":true,"href":"https:\/\/acrj.org.br\/index.php\/wp-json\/wp\/v2\/tags?post=14829"}],"curies":[{"name":"wp","href":"https:\/\/api.w.org\/{rel}","templated":true}]}}