{"id":14764,"date":"2023-03-01T11:43:51","date_gmt":"2023-03-01T14:43:51","guid":{"rendered":"https:\/\/acrj.org.br\/?p=14764"},"modified":"2023-03-01T12:06:44","modified_gmt":"2023-03-01T15:06:44","slug":"ibp-divulga-nota-sobre-criacao-de-imposto-anunciado-pelo-governo-federal","status":"publish","type":"post","link":"https:\/\/acrj.org.br\/index.php\/2023\/03\/01\/ibp-divulga-nota-sobre-criacao-de-imposto-anunciado-pelo-governo-federal\/","title":{"rendered":"IBP divulga nota sobre cria\u00e7\u00e3o de imposto anunciado pelo Governo Federal"},"content":{"rendered":"\n<p>O<strong>&nbsp;<\/strong>Instituto Brasileiro de Petr\u00f3leo e G\u00e1s (IBP) divulgou um posicionamento sobre a cria\u00e7\u00e3o de um&nbsp;imposto de exporta\u00e7\u00e3o sobre o petr\u00f3leo cru, anunciado pelo Governo Federal. De acordo com com o Instituto, a ind\u00fastria de \u00f3leo e g\u00e1s e a sua extensa cadeia produtiva t\u00eam import\u00e2ncia estrat\u00e9gica para o pa\u00eds.&nbsp;Representa cerca de 15% do PIB industrial e tem uma estimativa de gera\u00e7\u00e3o de mais de 445 mil postos de trabalho diretos ou indiretos ao ano na pr\u00f3xima d\u00e9cada.<\/p>\n\n\n\n<p>A Associa\u00e7\u00e3o Comercial do Rio de Janeiro tamb\u00e9m se posicionou sobre o assunto. Acesse <a href=\"https:\/\/acrj.org.br\/index.php\/2023\/03\/01\/acrj-se-manifesta-sobre-o-aumento-dos-combustiveis\/\"><strong>aqui<\/strong><\/a><\/p>\n\n\n\n<p>Leia a \u00edntegra do posicionamento do IPB <strong><a href=\"https:\/\/www.ibp.org.br\/noticias\/posicionamento-ibp-imposto-de-exportacao\/\">aqui<\/a><\/strong><\/p>\n","protected":false},"excerpt":{"rendered":"<p>O&nbsp;Instituto Brasileiro de Petr\u00f3leo e G\u00e1s (IBP) divulgou um posicionamento sobre a cria\u00e7\u00e3o de um&nbsp;imposto de exporta\u00e7\u00e3o sobre o petr\u00f3leo cru, anunciado pelo Governo Federal.&hellip;<\/p>\n","protected":false},"author":3,"featured_media":14767,"comment_status":"closed","ping_status":"closed","sticky":false,"template":"","format":"standard","meta":{"_exactmetrics_skip_tracking":false,"_exactmetrics_sitenote_active":false,"_exactmetrics_sitenote_note":"","_exactmetrics_sitenote_category":0,"footnotes":""},"categories":[10],"tags":[],"class_list":["post-14764","post","type-post","status-publish","format-standard","has-post-thumbnail","hentry","category-noticias"],"_links":{"self":[{"href":"https:\/\/acrj.org.br\/index.php\/wp-json\/wp\/v2\/posts\/14764","targetHints":{"allow":["GET"]}}],"collection":[{"href":"https:\/\/acrj.org.br\/index.php\/wp-json\/wp\/v2\/posts"}],"about":[{"href":"https:\/\/acrj.org.br\/index.php\/wp-json\/wp\/v2\/types\/post"}],"author":[{"embeddable":true,"href":"https:\/\/acrj.org.br\/index.php\/wp-json\/wp\/v2\/users\/3"}],"replies":[{"embeddable":true,"href":"https:\/\/acrj.org.br\/index.php\/wp-json\/wp\/v2\/comments?post=14764"}],"version-history":[{"count":0,"href":"https:\/\/acrj.org.br\/index.php\/wp-json\/wp\/v2\/posts\/14764\/revisions"}],"wp:featuredmedia":[{"embeddable":true,"href":"https:\/\/acrj.org.br\/index.php\/wp-json\/wp\/v2\/media\/14767"}],"wp:attachment":[{"href":"https:\/\/acrj.org.br\/index.php\/wp-json\/wp\/v2\/media?parent=14764"}],"wp:term":[{"taxonomy":"category","embeddable":true,"href":"https:\/\/acrj.org.br\/index.php\/wp-json\/wp\/v2\/categories?post=14764"},{"taxonomy":"post_tag","embeddable":true,"href":"https:\/\/acrj.org.br\/index.php\/wp-json\/wp\/v2\/tags?post=14764"}],"curies":[{"name":"wp","href":"https:\/\/api.w.org\/{rel}","templated":true}]}}