{"id":14737,"date":"2023-03-01T10:12:43","date_gmt":"2023-03-01T13:12:43","guid":{"rendered":"https:\/\/acrj.org.br\/?p=14737"},"modified":"2023-03-01T13:25:33","modified_gmt":"2023-03-01T16:25:33","slug":"conselho-de-turismo-da-acrj-recebe-nova-comandante-do-bptur","status":"publish","type":"post","link":"https:\/\/acrj.org.br\/index.php\/2023\/03\/01\/conselho-de-turismo-da-acrj-recebe-nova-comandante-do-bptur\/","title":{"rendered":"Conselho de Turismo da ACRJ recebe nova comandante do BPTur"},"content":{"rendered":"\t\t<div data-elementor-type=\"wp-post\" data-elementor-id=\"14737\" class=\"elementor elementor-14737\" data-elementor-post-type=\"post\">\n\t\t\t\t\t\t<section class=\"elementor-section elementor-top-section elementor-element elementor-element-3a95d439 elementor-section-boxed elementor-section-height-default elementor-section-height-default\" data-id=\"3a95d439\" data-element_type=\"section\" data-e-type=\"section\">\n\t\t\t\t\t\t<div class=\"elementor-container elementor-column-gap-default\">\n\t\t\t\t\t<div class=\"elementor-column elementor-col-100 elementor-top-column elementor-element elementor-element-6faf183c\" data-id=\"6faf183c\" data-element_type=\"column\" data-e-type=\"column\">\n\t\t\t<div class=\"elementor-widget-wrap elementor-element-populated\">\n\t\t\t\t\t\t<div class=\"elementor-element elementor-element-4d0d8f68 elementor-widget elementor-widget-text-editor\" data-id=\"4d0d8f68\" data-element_type=\"widget\" data-e-type=\"widget\" data-widget_type=\"text-editor.default\">\n\t\t\t\t<div class=\"elementor-widget-container\">\n\t\t\t\t\t\t\t\t\t\n<p>O Conselho Empresarial de Turismo da Associa\u00e7\u00e3o Comercial do Rio de Janeiro, recebeu nesta ter\u00e7a-feira, dia 28, a nova comandante do BPTur (Batalh\u00e3o de Policiamento em \u00c1reas Tur\u00edsticas), tenente-coronel PM Daniele Neder. Na ocasi\u00e3o tamb\u00e9m foi apresentado o empreendimento tur\u00edstico Maraey, que ser\u00e1 constru\u00eddo na Costa do Sol, em Maric\u00e1, e deve atrair 300 mil turistas diretos por ano.<\/p>\n\n\n\n<p>O presidente do Conselho de Turismo, Alfredo Lopes, deu boas-vindas \u00e0 nova comandante do BPTur e colocou a hotelaria carioca \u00e0 disposi\u00e7\u00e3o para colaborar com sua gest\u00e3o. \u201cSomos testemunhas do profissionalismo e da boa vontade da pol\u00edcia no combate ao crime, muitas vezes expondo ao perigo seu bem mais precioso \u2013 a pr\u00f3pria vida. No entanto, \u00e9 preciso mais: a sociedade tem que debater e aplicar pol\u00edticas p\u00fablicas que v\u00e3o al\u00e9m das a\u00e7\u00f5es de repress\u00e3o, como investimentos em educa\u00e7\u00e3o e a\u00e7\u00f5es de desenvolvimento das comunidades\u201d.<\/p>\n\n\n\n<p>\u201cAgrade\u00e7o o oferecimento de apoio, pois ningu\u00e9m faz pol\u00edcia sozinho\u201d, afirmou a tenente-coronel PM Daniele Neder, que assumiu o BPTur h\u00e1 15 dias. \u201cEm Belford Roxo, meu \u00faltimo comando, mantivemos parceria muito pr\u00f3xima com a prefeitura e isso foi essencial para os bons resultados que obtivemos\u201d. Neder revelou que, quando assumiu o batalh\u00e3o do munic\u00edpio da Baixada Fluminense, a m\u00e9dia era de 25 carros roubados diariamente. \u201cHoje, a m\u00e9dia \u00e9 de tr\u00eas roubos de carros por dia. Reduzimos tamb\u00e9m significativamente os ataques a cargas, que chegavam a cinco ocorr\u00eancias di\u00e1rias\u201d. Ela acredita que a Pol\u00edcia Militar conta com equipes muito bem treinadas nos batalh\u00f5es especializados, como o BPTur. \u201cH\u00e1 profissionais poliglotas, que dominam cinco e at\u00e9 seis idiomas. Tenho certeza de que seremos capazes de oferecer um atendimento de alto padr\u00e3o ao segmento tur\u00edstico\u201d.<\/p>\n\n\n\n<p>Durante a reuni\u00e3o tamb\u00e9m foi apresentado o Maraey, empreendimento tur\u00edstico-residencial sustent\u00e1vel que ter\u00e1 tr\u00eas hot\u00e9is da rede Marriott International e 8 mil unidades residenciais de alto luxo em Maric\u00e1. \u201cO Brasil tem potencial para 20 milh\u00f5es de turistas daqui a 10 anos. Gargalos como seguran\u00e7a, treinamento de m\u00e3o de obra e conectividade a\u00e9rea ser\u00e3o solucionados e o turismo vai crescer muito\u201d, aposta o CEO de Maraey, Emilio Izquierdo Merlo. \u201cVamos aliar luxo a um patrim\u00f4nio natural sem igual, que conta com praia, lagoa, restinga e Mata Atl\u00e2ntica. Os hot\u00e9is oferecer\u00e3o 3,5 mil postos de trabalho quando estiverem em opera\u00e7\u00e3o. Ser\u00e1 um divisor de \u00e1guas para o Estado do Rio e para o pa\u00eds, que vai entrar na rota dos destinos internacionais sustent\u00e1veis mais desejados do&nbsp;mundo&#8221;,&nbsp;afirma.<\/p>\n\t\t\t\t\t\t\t\t<\/div>\n\t\t\t\t<\/div>\n\t\t\t\t<div class=\"elementor-element elementor-element-d425f5f elementor-widget elementor-widget-gallery\" data-id=\"d425f5f\" data-element_type=\"widget\" data-e-type=\"widget\" data-settings=\"{&quot;columns&quot;:3,&quot;aspect_ratio&quot;:&quot;1:1&quot;,&quot;overlay_description&quot;:&quot;title&quot;,&quot;lazyload&quot;:&quot;yes&quot;,&quot;gallery_layout&quot;:&quot;grid&quot;,&quot;columns_tablet&quot;:2,&quot;columns_mobile&quot;:1,&quot;gap&quot;:{&quot;unit&quot;:&quot;px&quot;,&quot;size&quot;:10,&quot;sizes&quot;:[]},&quot;gap_tablet&quot;:{&quot;unit&quot;:&quot;px&quot;,&quot;size&quot;:10,&quot;sizes&quot;:[]},&quot;gap_mobile&quot;:{&quot;unit&quot;:&quot;px&quot;,&quot;size&quot;:10,&quot;sizes&quot;:[]},&quot;link_to&quot;:&quot;file&quot;,&quot;overlay_background&quot;:&quot;yes&quot;,&quot;content_hover_animation&quot;:&quot;fade-in&quot;}\" data-widget_type=\"gallery.default\">\n\t\t\t\t<div class=\"elementor-widget-container\">\n\t\t\t\t\t\t\t<div class=\"elementor-gallery__container\">\n\t\t\t\t\t\t\t<a class=\"e-gallery-item elementor-gallery-item elementor-animated-content\" href=\"https:\/\/acrj.org.br\/wp-content\/uploads\/2023\/03\/Imagem-do-WhatsApp-de-2023-03-01-as-07.11.11.jpg\" data-elementor-open-lightbox=\"yes\" data-elementor-lightbox-slideshow=\"d425f5f\" data-elementor-lightbox-title=\"Foto de divulga\u00e7\u00e3o\" data-e-action-hash=\"#elementor-action%3Aaction%3Dlightbox%26settings%3DeyJpZCI6MTQ3MzgsInVybCI6Imh0dHBzOlwvXC9hY3JqLm9yZy5iclwvd3AtY29udGVudFwvdXBsb2Fkc1wvMjAyM1wvMDNcL0ltYWdlbS1kby1XaGF0c0FwcC1kZS0yMDIzLTAzLTAxLWFzLTA3LjExLjExLmpwZyIsInNsaWRlc2hvdyI6ImQ0MjVmNWYifQ%3D%3D\">\n\t\t\t\t\t<div class=\"e-gallery-image elementor-gallery-item__image\" data-thumbnail=\"https:\/\/acrj.org.br\/wp-content\/uploads\/2023\/03\/Imagem-do-WhatsApp-de-2023-03-01-as-07.11.11.jpg\" data-width=\"1600\" data-height=\"1200\" aria-label=\"\" role=\"img\" ><\/div>\n\t\t\t\t\t\t\t\t\t\t\t<div class=\"elementor-gallery-item__overlay\"><\/div>\n\t\t\t\t\t\t\t\t\t\t\t\t\t\t\t<div class=\"elementor-gallery-item__content\">\n\t\t\t\t\t\t\t\t\t\t\t\t\t\t<div class=\"elementor-gallery-item__description\">\n\t\t\t\t\t\t\t\t\t\t\t\t\t\t\t\t\t\tFoto de divulga\u00e7\u00e3o\t\t\t\t\t\t\t\t<\/div>\n\t\t\t\t\t\t\t\t\t\t\t\t<\/div>\n\t\t\t\t\t\t\t\t\t<\/a>\n\t\t\t\t\t\t\t<a class=\"e-gallery-item elementor-gallery-item elementor-animated-content\" href=\"https:\/\/acrj.org.br\/wp-content\/uploads\/2023\/03\/Imagem-do-WhatsApp-de-2023-03-01-as-10.19.48.jpg\" data-elementor-open-lightbox=\"yes\" data-elementor-lightbox-slideshow=\"d425f5f\" data-elementor-lightbox-title=\"Paulo Michel, presidente da ABIH RJ, Daniela Neder  e Alfredo\u00a0Lopes\" data-e-action-hash=\"#elementor-action%3Aaction%3Dlightbox%26settings%3DeyJpZCI6MTQ3NDUsInVybCI6Imh0dHBzOlwvXC9hY3JqLm9yZy5iclwvd3AtY29udGVudFwvdXBsb2Fkc1wvMjAyM1wvMDNcL0ltYWdlbS1kby1XaGF0c0FwcC1kZS0yMDIzLTAzLTAxLWFzLTEwLjE5LjQ4LmpwZyIsInNsaWRlc2hvdyI6ImQ0MjVmNWYifQ%3D%3D\">\n\t\t\t\t\t<div class=\"e-gallery-image elementor-gallery-item__image\" data-thumbnail=\"https:\/\/acrj.org.br\/wp-content\/uploads\/2023\/03\/Imagem-do-WhatsApp-de-2023-03-01-as-10.19.48.jpg\" data-width=\"1200\" data-height=\"1600\" aria-label=\"\" role=\"img\" ><\/div>\n\t\t\t\t\t\t\t\t\t\t\t<div class=\"elementor-gallery-item__overlay\"><\/div>\n\t\t\t\t\t\t\t\t\t\t\t\t\t\t\t<div class=\"elementor-gallery-item__content\">\n\t\t\t\t\t\t\t\t\t\t\t\t\t\t<div class=\"elementor-gallery-item__description\">\n\t\t\t\t\t\t\t\t\t\t\t\t\t\t\t\t\t\tPaulo Michel, presidente da ABIH RJ, Daniela Neder  e Alfredo\u00a0Lopes\t\t\t\t\t\t\t\t<\/div>\n\t\t\t\t\t\t\t\t\t\t\t\t<\/div>\n\t\t\t\t\t\t\t\t\t<\/a>\n\t\t\t\t\t<\/div>\n\t\t\t\t\t<\/div>\n\t\t\t\t<\/div>\n\t\t\t\t\t<\/div>\n\t\t<\/div>\n\t\t\t\t\t<\/div>\n\t\t<\/section>\n\t\t\t\t<\/div>\n\t\t","protected":false},"excerpt":{"rendered":"<p>O Conselho Empresarial de Turismo da Associa\u00e7\u00e3o Comercial do Rio de Janeiro, recebeu nesta ter\u00e7a-feira, dia 28, a nova comandante do BPTur (Batalh\u00e3o de Policiamento&hellip;<\/p>\n","protected":false},"author":1,"featured_media":14739,"comment_status":"closed","ping_status":"closed","sticky":false,"template":"","format":"standard","meta":{"_exactmetrics_skip_tracking":false,"_exactmetrics_sitenote_active":false,"_exactmetrics_sitenote_note":"","_exactmetrics_sitenote_category":0,"footnotes":""},"categories":[10],"tags":[],"class_list":["post-14737","post","type-post","status-publish","format-standard","has-post-thumbnail","hentry","category-noticias"],"_links":{"self":[{"href":"https:\/\/acrj.org.br\/index.php\/wp-json\/wp\/v2\/posts\/14737","targetHints":{"allow":["GET"]}}],"collection":[{"href":"https:\/\/acrj.org.br\/index.php\/wp-json\/wp\/v2\/posts"}],"about":[{"href":"https:\/\/acrj.org.br\/index.php\/wp-json\/wp\/v2\/types\/post"}],"author":[{"embeddable":true,"href":"https:\/\/acrj.org.br\/index.php\/wp-json\/wp\/v2\/users\/1"}],"replies":[{"embeddable":true,"href":"https:\/\/acrj.org.br\/index.php\/wp-json\/wp\/v2\/comments?post=14737"}],"version-history":[{"count":0,"href":"https:\/\/acrj.org.br\/index.php\/wp-json\/wp\/v2\/posts\/14737\/revisions"}],"wp:featuredmedia":[{"embeddable":true,"href":"https:\/\/acrj.org.br\/index.php\/wp-json\/wp\/v2\/media\/14739"}],"wp:attachment":[{"href":"https:\/\/acrj.org.br\/index.php\/wp-json\/wp\/v2\/media?parent=14737"}],"wp:term":[{"taxonomy":"category","embeddable":true,"href":"https:\/\/acrj.org.br\/index.php\/wp-json\/wp\/v2\/categories?post=14737"},{"taxonomy":"post_tag","embeddable":true,"href":"https:\/\/acrj.org.br\/index.php\/wp-json\/wp\/v2\/tags?post=14737"}],"curies":[{"name":"wp","href":"https:\/\/api.w.org\/{rel}","templated":true}]}}