{"id":14718,"date":"2023-02-28T10:15:46","date_gmt":"2023-02-28T13:15:46","guid":{"rendered":"https:\/\/acrj.org.br\/?p=14718"},"modified":"2023-02-28T10:25:38","modified_gmt":"2023-02-28T13:25:38","slug":"acrj-parabeniza-governo-do-estado-pelo-premio-concedido-pela-b3-bolsa-de-valores-de-sao-paulo","status":"publish","type":"post","link":"https:\/\/acrj.org.br\/index.php\/2023\/02\/28\/acrj-parabeniza-governo-do-estado-pelo-premio-concedido-pela-b3-bolsa-de-valores-de-sao-paulo\/","title":{"rendered":"ACRJ parabeniza Governo do Estado pelo pr\u00eamio concedido pela B3 &#8211; Bolsa de Valores de S\u00e3o Paulo"},"content":{"rendered":"\n<p>A Associa\u00e7\u00e3o Comercial do Rio de Janeiro parabeniza o Governo do Estado pelo Pr\u00eamio \u201cP3C PPPs e Concess\u00f5es\u201d, concedido pela B3 &#8211; Bolsa de Valores de S\u00e3o Paulo. O Rio venceu na categoria melhor estrutura\u00e7\u00e3o de projetos, com a iniciativa da concess\u00e3o de saneamento da Cedae, realizada pelo governador Cl\u00e1udio Castro, concorrendo com diversos outros projetos de S\u00e3o Paulo e Minas Gerais. O governador foi representado pelo secret\u00e1rio da Casa Civil, Nicola Miccione.<\/p>\n\n\n\n<p>&#8220;A Associa\u00e7\u00e3o Comercial tem reiteradamente apoiado a gest\u00e3o do Governo do Estado, especialmente no que concerne a pol\u00edtica de infraestrutura, com resultados importantes para o Rio.  Parabenizamos o governador Claudio Castro e o secret\u00e1rio Miccione por este pr\u00eamio mais do  que merecido&#8221;, enfatizou o presidente em exerc\u00edcio da ACRJ, Daniel Homem de Carvalho.<\/p>\n\n\n\n<p>A concess\u00e3o de saneamento foi realizada pelo Estado do Rio de Janeiro em 2021, em dois leil\u00f5es. No total, ser\u00e3o investidos R$ 32 bilh\u00f5es pelas concession\u00e1rias, ao longo de 35 anos, beneficiando 13 milh\u00f5es de pessoas. Esse \u00e9 o maior projeto socioambiental da Am\u00e9rica Latina e vai universalizar a distribui\u00e7\u00e3o de \u00e1gua e coleta e tratamento de esgoto em 46 munic\u00edpios. A iniciativa serviu de modelo para outros estados.<\/p>\n\n\n\n<p>O an\u00fancio dos vencedores foi feito pela B3, dia 27 de fevereiro. Este pr\u00eamio reconhece profissionais, empresas e \u00f3rg\u00e3os p\u00fablicos que se destacam na atua\u00e7\u00e3o em infraestrutura econ\u00f4mica, social e ativos ambientais.<\/p>\n\n\n\n<p>Foto: Divulga\u00e7\u00e3o B3<\/p>\n","protected":false},"excerpt":{"rendered":"<p>A Associa\u00e7\u00e3o Comercial do Rio de Janeiro parabeniza o Governo do Estado pelo Pr\u00eamio \u201cP3C PPPs e Concess\u00f5es\u201d, concedido pela B3 &#8211; Bolsa de Valores&hellip;<\/p>\n","protected":false},"author":3,"featured_media":14719,"comment_status":"closed","ping_status":"closed","sticky":false,"template":"","format":"standard","meta":{"_exactmetrics_skip_tracking":false,"_exactmetrics_sitenote_active":false,"_exactmetrics_sitenote_note":"","_exactmetrics_sitenote_category":0,"footnotes":""},"categories":[10],"tags":[],"class_list":["post-14718","post","type-post","status-publish","format-standard","has-post-thumbnail","hentry","category-noticias"],"_links":{"self":[{"href":"https:\/\/acrj.org.br\/index.php\/wp-json\/wp\/v2\/posts\/14718","targetHints":{"allow":["GET"]}}],"collection":[{"href":"https:\/\/acrj.org.br\/index.php\/wp-json\/wp\/v2\/posts"}],"about":[{"href":"https:\/\/acrj.org.br\/index.php\/wp-json\/wp\/v2\/types\/post"}],"author":[{"embeddable":true,"href":"https:\/\/acrj.org.br\/index.php\/wp-json\/wp\/v2\/users\/3"}],"replies":[{"embeddable":true,"href":"https:\/\/acrj.org.br\/index.php\/wp-json\/wp\/v2\/comments?post=14718"}],"version-history":[{"count":0,"href":"https:\/\/acrj.org.br\/index.php\/wp-json\/wp\/v2\/posts\/14718\/revisions"}],"wp:featuredmedia":[{"embeddable":true,"href":"https:\/\/acrj.org.br\/index.php\/wp-json\/wp\/v2\/media\/14719"}],"wp:attachment":[{"href":"https:\/\/acrj.org.br\/index.php\/wp-json\/wp\/v2\/media?parent=14718"}],"wp:term":[{"taxonomy":"category","embeddable":true,"href":"https:\/\/acrj.org.br\/index.php\/wp-json\/wp\/v2\/categories?post=14718"},{"taxonomy":"post_tag","embeddable":true,"href":"https:\/\/acrj.org.br\/index.php\/wp-json\/wp\/v2\/tags?post=14718"}],"curies":[{"name":"wp","href":"https:\/\/api.w.org\/{rel}","templated":true}]}}