{"id":14471,"date":"2022-12-16T14:53:00","date_gmt":"2022-12-16T17:53:00","guid":{"rendered":"https:\/\/acrj.org.br\/?p=14471"},"modified":"2023-02-08T15:07:13","modified_gmt":"2023-02-08T18:07:13","slug":"especialistas-debatem-cenario-economico-global-e-novo-governo-do-brasil","status":"publish","type":"post","link":"https:\/\/acrj.org.br\/index.php\/2022\/12\/16\/especialistas-debatem-cenario-economico-global-e-novo-governo-do-brasil\/","title":{"rendered":"Especialistas debatem cen\u00e1rio econ\u00f4mico global e novo Governo do Brasil"},"content":{"rendered":"\n<p>A \u00faltima reuni\u00e3o de 2022 do Conselho Empresarial de Pol\u00edticas Econ\u00f4micas da ACRJ, realizada dia 15 de dezembro, foi marcada pelo debate sobre a conjuntura econ\u00f4mica global e o novo governo com a elei\u00e7\u00e3o de Luiz In\u00e1cio Lula da Silva. Os conselheiros abordaram a transi\u00e7\u00e3o e a expectativa da posi\u00e7\u00e3o do Brasil internacionalmente.<\/p>\n\n\n\n<p>O presidente do Conselho, embaixador Marc\u00edlio Marques Moreira, avaliou que a transi\u00e7\u00e3o est\u00e1 mais dif\u00edcil do que se imaginava. No que diz respeito ao cen\u00e1rio internacional, ressaltou que o presidente eleito j\u00e1 mostrou bom di\u00e1logo nessa \u00e1rea. \u201cL\u00edderes e representantes internacionais, inclusive, disseram que v\u00e3o estar presentes \u00e0 posse. Ele construiu uma boa rela\u00e7\u00e3o, nos meios diplom\u00e1ticos, nas suas administra\u00e7\u00f5es anteriores\u201d, afirmou.<\/p>\n\n\n\n<p>Na conjuntura global, Marc\u00edlio Marques Moreira destacou a guerra da R\u00fassia com a Ucr\u00e2nia. Para ele, \u00e9 o mais s\u00e9rio problema. \u201cN\u00e3o h\u00e1 indica\u00e7\u00e3o nenhuma que a R\u00fassia est\u00e1 disposta a conversar. Quanto mais derrota, parece que o presidente russo, Vladimir Putin, mais aparenta estar disposto a sufocar os ucranianos, inclusive, com ataques a infraestruturas energ\u00e9ticas, deixando ucranianos sem eletricidade em temperaturas negativas\u201d, comentou o embaixador.<\/p>\n\n\n\n<p>O presidente do Conselho analisou a situa\u00e7\u00e3o econ\u00f4mica dos Estados Unidos e disse que o pa\u00eds continua a crescer embora em velocidade menor. E ainda que n\u00e3o h\u00e1 sinais de depress\u00e3o econ\u00f4mica norte-americana.<\/p>\n","protected":false},"excerpt":{"rendered":"<p>A \u00faltima reuni\u00e3o de 2022 do Conselho Empresarial de Pol\u00edticas Econ\u00f4micas da ACRJ, realizada dia 15 de dezembro, foi marcada pelo debate sobre a conjuntura&hellip;<\/p>\n","protected":false},"author":1,"featured_media":14472,"comment_status":"closed","ping_status":"closed","sticky":false,"template":"","format":"standard","meta":{"_exactmetrics_skip_tracking":false,"_exactmetrics_sitenote_active":false,"_exactmetrics_sitenote_note":"","_exactmetrics_sitenote_category":0,"footnotes":""},"categories":[10],"tags":[],"class_list":["post-14471","post","type-post","status-publish","format-standard","has-post-thumbnail","hentry","category-noticias"],"_links":{"self":[{"href":"https:\/\/acrj.org.br\/index.php\/wp-json\/wp\/v2\/posts\/14471","targetHints":{"allow":["GET"]}}],"collection":[{"href":"https:\/\/acrj.org.br\/index.php\/wp-json\/wp\/v2\/posts"}],"about":[{"href":"https:\/\/acrj.org.br\/index.php\/wp-json\/wp\/v2\/types\/post"}],"author":[{"embeddable":true,"href":"https:\/\/acrj.org.br\/index.php\/wp-json\/wp\/v2\/users\/1"}],"replies":[{"embeddable":true,"href":"https:\/\/acrj.org.br\/index.php\/wp-json\/wp\/v2\/comments?post=14471"}],"version-history":[{"count":0,"href":"https:\/\/acrj.org.br\/index.php\/wp-json\/wp\/v2\/posts\/14471\/revisions"}],"wp:featuredmedia":[{"embeddable":true,"href":"https:\/\/acrj.org.br\/index.php\/wp-json\/wp\/v2\/media\/14472"}],"wp:attachment":[{"href":"https:\/\/acrj.org.br\/index.php\/wp-json\/wp\/v2\/media?parent=14471"}],"wp:term":[{"taxonomy":"category","embeddable":true,"href":"https:\/\/acrj.org.br\/index.php\/wp-json\/wp\/v2\/categories?post=14471"},{"taxonomy":"post_tag","embeddable":true,"href":"https:\/\/acrj.org.br\/index.php\/wp-json\/wp\/v2\/tags?post=14471"}],"curies":[{"name":"wp","href":"https:\/\/api.w.org\/{rel}","templated":true}]}}