{"id":14454,"date":"2023-02-08T10:53:08","date_gmt":"2023-02-08T13:53:08","guid":{"rendered":"https:\/\/acrj.org.br\/?p=14454"},"modified":"2023-02-08T11:08:34","modified_gmt":"2023-02-08T14:08:34","slug":"presidente-do-conselho-de-educacao-faz-palestra-em-colegio-no-rio","status":"publish","type":"post","link":"https:\/\/acrj.org.br\/index.php\/2023\/02\/08\/presidente-do-conselho-de-educacao-faz-palestra-em-colegio-no-rio\/","title":{"rendered":"Presidente do Conselho de Educa\u00e7\u00e3o faz palestra em col\u00e9gio no Rio"},"content":{"rendered":"\n<p>O presidente do Conselho Empresarial de Educa\u00e7\u00e3o da ACRJ, Paulo Milet, participou do encerramento da Jornada Pedag\u00f3gica do Grupo Educacional Mopi, dia 4\/2, que reuniu mais de 300 professores do col\u00e9gio. Ele foi convidado pelo s\u00f3cio-diretor do Mopi, Vinicius Canedo, membro do Conselho e dirigente do Sindicato dos Estabelecimentos Particulares de Ensino (SinepeRio). Tamb\u00e9m participou do encontro, a escritora, roteirista e jornalista, Eliana Alves Cruz.<\/p>\n\n\n\n<p>Especialista em Educa\u00e7\u00e3o \u00e0 Dist\u00e2ncia, com mais de 30 anos de atua\u00e7\u00e3o na \u00e1rea, Milet \u00e9 consultor de programas de EaD e p\u00f3s-gradua\u00e7\u00e3o em diversas universidades e empresas. Ele apresentou o tema &#8220;Educa\u00e7\u00e3o x Tecnologias: amea\u00e7a ou oportunidade?&#8221;. Ele mostrou aos professores os ganhos e os desafios que a tecnologia traz para o dia a dia e para o universo escolar. E debateu a chegada de novas ferramentas de Intelig\u00eancia Artificial, como o chatGPT&nbsp;e seu impacto na rela\u00e7\u00e3o Ensino-Aprendizado.<\/p>\n\n\n\n<p>Eliana Cruz \u00e9 p\u00f3s-graduada em Comunica\u00e7\u00e3o Empresarial e ganhadora do Pr\u00eamio Jabuti 2022 pelo livro \u201cA Vestida\u201d. Ela abordou o tema &#8220;Literatura e Educa\u00e7\u00e3o, parceria por um pa\u00eds plural&#8221; e destacou a import\u00e2ncia do combate ao racismo e \u00e0 desigualdade de g\u00eanero na sociedade e como a literatura pode ser uma poderosa ferramenta de aprendizado para os alunos.<\/p>\n\n\n\n<figure class=\"wp-block-image size-large is-resized\"><img fetchpriority=\"high\" decoding=\"async\" src=\"https:\/\/acrj.org.br\/wp-content\/uploads\/2023\/02\/foto-palestra-Milet-1024x682.jpeg\" alt=\"\" class=\"wp-image-14455\" width=\"310\" height=\"206\" srcset=\"https:\/\/acrj.org.br\/wp-content\/uploads\/2023\/02\/foto-palestra-Milet-1024x682.jpeg 1024w, https:\/\/acrj.org.br\/wp-content\/uploads\/2023\/02\/foto-palestra-Milet-600x400.jpeg 600w, https:\/\/acrj.org.br\/wp-content\/uploads\/2023\/02\/foto-palestra-Milet-300x200.jpeg 300w, https:\/\/acrj.org.br\/wp-content\/uploads\/2023\/02\/foto-palestra-Milet-768x512.jpeg 768w, https:\/\/acrj.org.br\/wp-content\/uploads\/2023\/02\/foto-palestra-Milet-1536x1023.jpeg 1536w, https:\/\/acrj.org.br\/wp-content\/uploads\/2023\/02\/foto-palestra-Milet.jpeg 1600w\" sizes=\"(max-width: 310px) 100vw, 310px\" \/><\/figure>\n\n\n\n<p><\/p>\n\n\n\n<p>Fotos: Divulga\u00e7\u00e3o\/Mopi<\/p>\n","protected":false},"excerpt":{"rendered":"<p>O presidente do Conselho Empresarial de Educa\u00e7\u00e3o da ACRJ, Paulo Milet, participou do encerramento da Jornada Pedag\u00f3gica do Grupo Educacional Mopi, dia 4\/2, que reuniu&hellip;<\/p>\n","protected":false},"author":3,"featured_media":14456,"comment_status":"closed","ping_status":"open","sticky":false,"template":"","format":"standard","meta":{"_exactmetrics_skip_tracking":false,"_exactmetrics_sitenote_active":false,"_exactmetrics_sitenote_note":"","_exactmetrics_sitenote_category":0,"footnotes":""},"categories":[10],"tags":[],"class_list":["post-14454","post","type-post","status-publish","format-standard","has-post-thumbnail","hentry","category-noticias"],"_links":{"self":[{"href":"https:\/\/acrj.org.br\/index.php\/wp-json\/wp\/v2\/posts\/14454","targetHints":{"allow":["GET"]}}],"collection":[{"href":"https:\/\/acrj.org.br\/index.php\/wp-json\/wp\/v2\/posts"}],"about":[{"href":"https:\/\/acrj.org.br\/index.php\/wp-json\/wp\/v2\/types\/post"}],"author":[{"embeddable":true,"href":"https:\/\/acrj.org.br\/index.php\/wp-json\/wp\/v2\/users\/3"}],"replies":[{"embeddable":true,"href":"https:\/\/acrj.org.br\/index.php\/wp-json\/wp\/v2\/comments?post=14454"}],"version-history":[{"count":0,"href":"https:\/\/acrj.org.br\/index.php\/wp-json\/wp\/v2\/posts\/14454\/revisions"}],"wp:featuredmedia":[{"embeddable":true,"href":"https:\/\/acrj.org.br\/index.php\/wp-json\/wp\/v2\/media\/14456"}],"wp:attachment":[{"href":"https:\/\/acrj.org.br\/index.php\/wp-json\/wp\/v2\/media?parent=14454"}],"wp:term":[{"taxonomy":"category","embeddable":true,"href":"https:\/\/acrj.org.br\/index.php\/wp-json\/wp\/v2\/categories?post=14454"},{"taxonomy":"post_tag","embeddable":true,"href":"https:\/\/acrj.org.br\/index.php\/wp-json\/wp\/v2\/tags?post=14454"}],"curies":[{"name":"wp","href":"https:\/\/api.w.org\/{rel}","templated":true}]}}