{"id":1437,"date":"2017-09-18T18:45:00","date_gmt":"2017-09-18T21:45:00","guid":{"rendered":"http:\/\/acrj2020.profissional.ws\/?p=1437"},"modified":"2020-02-25T18:56:40","modified_gmt":"2020-02-25T21:56:40","slug":"pauta-positiva-ja","status":"publish","type":"post","link":"https:\/\/acrj.org.br\/index.php\/2017\/09\/18\/pauta-positiva-ja\/","title":{"rendered":"Pauta positiva j\u00e1"},"content":{"rendered":"\n<p>Isto, aliado a uma legisla\u00e7\u00e3o trabalhista da d\u00e9cada de 1940, constru\u00edda sobre bases que remontam \u00e0 Carta Enc\u00edclica&nbsp;<em>Rerum Novarum<\/em>&nbsp;do Papa Le\u00e3o XIII, de 1891, torna a tarefa de produzir, no Brasil, um desafio herc\u00faleo.<\/p>\n\n\n\n<p>A situa\u00e7\u00e3o resta agravada, imensamente, nos \u00faltimos anos, com uma \nonda permanente de not\u00edcias negativas que, para dizer o m\u00ednimo, \nacarretam uma imensa inseguran\u00e7a jur\u00eddica em investidores, \nempreendedores e empres\u00e1rios, culminando com um desemprego que atinge \ndiretamente a 14 milh\u00f5es de pessoas e, indiretamente, a mais de 30 \nmilh\u00f5es de brasileiros destas dependentes.<\/p>\n\n\n\n<p>Paralelamente, na tentativa de romper a paralisia que assola a \neconomia brasileira, acompanhamos a tramita\u00e7\u00e3o das mais importantes \nreformas desde a 2\u00aa grande guerra. E, estas, lamentavelmente, n\u00e3o t\u00eam \nsido valorizadas como mereciam.<\/p>\n\n\n\n<p>A reforma trabalhista aprovada pelo congresso consiste em not\u00e1vel \navan\u00e7o das rela\u00e7\u00f5es trabalhistas. Privilegiando a negocia\u00e7\u00e3o coletiva e \nconferindo mais liberdade de gest\u00e3o, as Reformas, que entrar\u00e3o em vigor \nem novembro pr\u00f3ximo, mant\u00e9m intang\u00edveis os direitos fundamentais \nassegurados aos trabalhadores nos 34 incisos do art. 7\u00ba da CF\/88.<\/p>\n\n\n\n<p>A reforma pol\u00edtica, bem ou mal, tramita ap\u00f3s longa hiberna\u00e7\u00e3o.<\/p>\n\n\n\n<p>E a reforma tribut\u00e1ria, cujo projeto foi apresentado no \u00faltimo dia \n22, traz mudan\u00e7as significativas que, se n\u00e3o contribu\u00edrem para a redu\u00e7\u00e3o\n da carga tribut\u00e1ria, v\u00eam alicer\u00e7adas em dois pilares modernizadores:&nbsp;<em>(i)<\/em>&nbsp;simplifica\u00e7\u00e3o e readequa\u00e7\u00e3o das incid\u00eancias tribut\u00e1rias e&nbsp;<em>(ii)<\/em>&nbsp;busca\n pela chamada justi\u00e7a fiscal. A reforma tribut\u00e1ria, corajosamente, \nprop\u00f5e a extin\u00e7\u00e3o de tributos como o IPI, IOF, CSLL, PIS, Pasep, Cofins,\n Sal\u00e1rio-Educa\u00e7\u00e3o, Cide-Combust\u00edveis, todos federais; ICMS estadual e \nISS municipal.<\/p>\n\n\n\n<p>Cria Imposto sobre Opera\u00e7\u00f5es com Bens e Servi\u00e7os (IBS, nos moldes de \num imposto sobre valor agregado) e Imposto Seletivo (nos moldes de um&nbsp;<em>excise tax<\/em>).\n Sugere a realoca\u00e7\u00e3o de tributos\/produto da arrecada\u00e7\u00e3o, ITCMD e IPVA, \nbem como a Absor\u00e7\u00e3o da CSLL pelo Imposto de Renda, entre outras \ncorajosas mudan\u00e7as.<\/p>\n\n\n\n<p>Est\u00e1 na hora da uni\u00e3o da sociedade civil em torno de mudan\u00e7as,  contribuindo para uma pauta positiva para o Pa\u00eds, em detrimento daqueles  que insistem em transformar o Brasil num grande\u00a0<em>coliseum<\/em>, onde s\u00f3 o sangue e os esc\u00e2ndalos ganham notoriedade.<\/p>\n\n\n\n<p class=\"has-text-align-right has-medium-font-size\"><strong>D\u00e9cio Freire,<\/strong><br>Advogado e Presidente do Conselho Jur\u00eddico e Estrat\u00e9gico da Associa\u00e7\u00e3o Comercial do Rio de Janeiro <\/p>\n","protected":false},"excerpt":{"rendered":"<p>Isto, aliado a uma legisla\u00e7\u00e3o trabalhista da d\u00e9cada de 1940, constru\u00edda sobre bases que remontam \u00e0 Carta Enc\u00edclica&nbsp;Rerum Novarum&nbsp;do Papa Le\u00e3o XIII, de 1891, torna&hellip;<\/p>\n","protected":false},"author":1,"featured_media":1435,"comment_status":"closed","ping_status":"closed","sticky":false,"template":"","format":"standard","meta":{"_exactmetrics_skip_tracking":false,"_exactmetrics_sitenote_active":false,"_exactmetrics_sitenote_note":"","_exactmetrics_sitenote_category":0,"footnotes":""},"categories":[12],"tags":[],"class_list":["post-1437","post","type-post","status-publish","format-standard","has-post-thumbnail","hentry","category-artigos"],"_links":{"self":[{"href":"https:\/\/acrj.org.br\/index.php\/wp-json\/wp\/v2\/posts\/1437","targetHints":{"allow":["GET"]}}],"collection":[{"href":"https:\/\/acrj.org.br\/index.php\/wp-json\/wp\/v2\/posts"}],"about":[{"href":"https:\/\/acrj.org.br\/index.php\/wp-json\/wp\/v2\/types\/post"}],"author":[{"embeddable":true,"href":"https:\/\/acrj.org.br\/index.php\/wp-json\/wp\/v2\/users\/1"}],"replies":[{"embeddable":true,"href":"https:\/\/acrj.org.br\/index.php\/wp-json\/wp\/v2\/comments?post=1437"}],"version-history":[{"count":0,"href":"https:\/\/acrj.org.br\/index.php\/wp-json\/wp\/v2\/posts\/1437\/revisions"}],"wp:featuredmedia":[{"embeddable":true,"href":"https:\/\/acrj.org.br\/index.php\/wp-json\/wp\/v2\/media\/1435"}],"wp:attachment":[{"href":"https:\/\/acrj.org.br\/index.php\/wp-json\/wp\/v2\/media?parent=1437"}],"wp:term":[{"taxonomy":"category","embeddable":true,"href":"https:\/\/acrj.org.br\/index.php\/wp-json\/wp\/v2\/categories?post=1437"},{"taxonomy":"post_tag","embeddable":true,"href":"https:\/\/acrj.org.br\/index.php\/wp-json\/wp\/v2\/tags?post=1437"}],"curies":[{"name":"wp","href":"https:\/\/api.w.org\/{rel}","templated":true}]}}