{"id":14335,"date":"2023-02-01T10:45:38","date_gmt":"2023-02-01T13:45:38","guid":{"rendered":"https:\/\/acrj.org.br\/?p=14335"},"modified":"2023-02-01T10:47:51","modified_gmt":"2023-02-01T13:47:51","slug":"conselhos-de-educacao-e-inovacao-se-unem-para-tracar-pauta-de-acoes-em-conjunto","status":"publish","type":"post","link":"https:\/\/acrj.org.br\/index.php\/2023\/02\/01\/conselhos-de-educacao-e-inovacao-se-unem-para-tracar-pauta-de-acoes-em-conjunto\/","title":{"rendered":"<strong>Conselhos de Educa\u00e7\u00e3o e Inova\u00e7\u00e3o se unem para tra\u00e7ar pauta de a\u00e7\u00f5es em conjunto<\/strong>"},"content":{"rendered":"\n<p>Os Conselhos Empresariais de Educa\u00e7\u00e3o e de Inova\u00e7\u00e3o, Comunica\u00e7\u00e3o e Tecnologia da ACRJ realizaram a primeira reuni\u00e3o conjunta de 2023. Realizado em 31 de janeiro, o encontro tratou do planejamento de a\u00e7\u00f5es para esse ano.<\/p>\n\n\n\n<p>O presidente do Conselho de Educa\u00e7\u00e3o, Paulo Milet, coordenou o encontro e explicou que o novo modelo adotado visa otimizar as pautas. \u201cEstamos inaugurando esse modelo para a otimiza\u00e7\u00e3o, inclusive, do tempo, j\u00e1 que muitos conselheiros fazem parte de Educa\u00e7\u00e3o e de Inova\u00e7\u00e3o\u201d, disse.<\/p>\n\n\n\n<p>Caio Rainerio, presidente do Conselho de Inova\u00e7\u00e3o, avaliou a import\u00e2ncia desse tipo de reuni\u00e3o conjunta. \u201cCom o t\u00e9rmino da pandemia muitas atividades voltaram ao presencial e as pessoas acabaram sendo mais demandadas e ficando sem tempo. A partir desse modelo a tend\u00eancia \u00e9 uma maior participa\u00e7\u00e3o dos conselheiros\u201d, destacou.<\/p>\n\n\n\n<p>A vice-presidente de Educa\u00e7\u00e3o, Sylvia Meireles, adiantou que ser\u00e1 feita uma pesquisa para identificar convidados e temas e, com isso, elaborar o planejamento anual. No plano estar\u00e3o contempladas visitas t\u00e9cnicas e participa\u00e7\u00e3o em eventos com os conselheiros representando a ACRJ.<\/p>\n\n\n\n<p>As duas pr\u00f3ximas reuni\u00f5es j\u00e1 est\u00e3o com datas e assuntos definidos.\u00a0 Dia 14 de fevereiro ser\u00e1 coordenada pelo Conselho de Inova\u00e7\u00e3o com o tema ChatGPT, um chat que se baseia em intelig\u00eancia artificial e que oferece uma s\u00e9rie de fun\u00e7\u00f5es inusitadas, tais como, solu\u00e7\u00e3o de opera\u00e7\u00f5es matem\u00e1ticas complexas e at\u00e9 simula\u00e7\u00e3o de entrevistas de emprego. Dia 28 de fevereiro ser\u00e1 promovida pelo Conselho de Educa\u00e7\u00e3o e v\u00e3o tratar do projeto de Metaverso Rio2030.<\/p>\n","protected":false},"excerpt":{"rendered":"<p>Os Conselhos Empresariais de Educa\u00e7\u00e3o e de Inova\u00e7\u00e3o, Comunica\u00e7\u00e3o e Tecnologia da ACRJ realizaram a primeira reuni\u00e3o conjunta de 2023. Realizado em 31 de janeiro,&hellip;<\/p>\n","protected":false},"author":1,"featured_media":14336,"comment_status":"closed","ping_status":"closed","sticky":false,"template":"","format":"standard","meta":{"_exactmetrics_skip_tracking":false,"_exactmetrics_sitenote_active":false,"_exactmetrics_sitenote_note":"","_exactmetrics_sitenote_category":0,"footnotes":""},"categories":[10],"tags":[],"class_list":["post-14335","post","type-post","status-publish","format-standard","has-post-thumbnail","hentry","category-noticias"],"_links":{"self":[{"href":"https:\/\/acrj.org.br\/index.php\/wp-json\/wp\/v2\/posts\/14335","targetHints":{"allow":["GET"]}}],"collection":[{"href":"https:\/\/acrj.org.br\/index.php\/wp-json\/wp\/v2\/posts"}],"about":[{"href":"https:\/\/acrj.org.br\/index.php\/wp-json\/wp\/v2\/types\/post"}],"author":[{"embeddable":true,"href":"https:\/\/acrj.org.br\/index.php\/wp-json\/wp\/v2\/users\/1"}],"replies":[{"embeddable":true,"href":"https:\/\/acrj.org.br\/index.php\/wp-json\/wp\/v2\/comments?post=14335"}],"version-history":[{"count":0,"href":"https:\/\/acrj.org.br\/index.php\/wp-json\/wp\/v2\/posts\/14335\/revisions"}],"wp:featuredmedia":[{"embeddable":true,"href":"https:\/\/acrj.org.br\/index.php\/wp-json\/wp\/v2\/media\/14336"}],"wp:attachment":[{"href":"https:\/\/acrj.org.br\/index.php\/wp-json\/wp\/v2\/media?parent=14335"}],"wp:term":[{"taxonomy":"category","embeddable":true,"href":"https:\/\/acrj.org.br\/index.php\/wp-json\/wp\/v2\/categories?post=14335"},{"taxonomy":"post_tag","embeddable":true,"href":"https:\/\/acrj.org.br\/index.php\/wp-json\/wp\/v2\/tags?post=14335"}],"curies":[{"name":"wp","href":"https:\/\/api.w.org\/{rel}","templated":true}]}}