{"id":1432,"date":"2017-07-20T18:35:42","date_gmt":"2017-07-20T21:35:42","guid":{"rendered":"http:\/\/acrj2020.profissional.ws\/?p=1432"},"modified":"2020-02-25T18:57:20","modified_gmt":"2020-02-25T21:57:20","slug":"inteligencia-emocional-no-bndes","status":"publish","type":"post","link":"https:\/\/acrj.org.br\/index.php\/2017\/07\/20\/inteligencia-emocional-no-bndes\/","title":{"rendered":"Intelig\u00eancia emocional no BNDES"},"content":{"rendered":"\n<p><em>Hoje, a prioridade \u00e9 o emprego e a retomada do crescimento. E o BNDES \u00e9 o mais poderoso instrumento do governo<\/em><\/p>\n\n\n\n<p>Paulo Rabello de Castro \u00e9 o pr\u00edncipe dos economistas liberais. N\u00e3o \nfoi sem fundamento que Roberto Campos, no jantar de seus 80 anos, no \nCopacabana Palace, promovido pelo seu amigo e parceiro em feitos \nnot\u00e1veis Jos\u00e9 Luiz Bulh\u00f5es Pedreira, escolheu o jovem economista para \nfazer o discurso de sauda\u00e7\u00e3o. Agora, no centen\u00e1rio do inesquec\u00edvel \nbrasileiro, foi ele a organizar o livro comemorativo, editado pelo \nInstituto Atl\u00e2ntico e a Resist\u00eancia Cultural, o \u2018Lanterna na Proa\u2019.<\/p>\n\n\n\n<p>Al\u00e7ado \u00e0 Presid\u00eancia do BNDES, em feliz escolha do presidente da \nRep\u00fablica, assumiu o alto cargo com a postura respons\u00e1vel do homem \np\u00fablico que pauta sua atua\u00e7\u00e3o dentro das normas do consenso e do bom \nsenso.<\/p>\n\n\n\n<p>N\u00e3o se muda uma cultura no trato da economia de uma hora para outra. \nSua linha \u00e9 liberal, mas sabe conviver com uma realidade que, por vezes,\n exige flexibilidade em nome de objetivos maiores.<\/p>\n\n\n\n<p>Hoje, a prioridade \u00e9 o emprego e a retomada do crescimento. E o BNDES\n \u00e9 o mais poderoso instrumento do governo. Pode, neste momento grave, \nadotar uma ou outra medida afinada com a cultura que queremos superar, \nmas que ainda \u00e9 realidade nas decis\u00f5es de investir na retomada da \nprodu\u00e7\u00e3o.<\/p>\n\n\n\n<p>Infelizmente, alguns a\u00e7odados analistas, n\u00e3o compreendendo as altas \nresponsabilidades de presidir um \u00f3rg\u00e3o dessa magnitude, passou a cobrar \nde Paulo Rabello de Castro medidas autorit\u00e1rias. O banco j\u00e1 sofreu \ndemais por ter sido dirigido ao sabor da vontade dos poderosos de \nmomento.<\/p>\n\n\n\n<p>Agora \u00e9 hora de corre\u00e7\u00e3o de rumo, sem paralisar iniciativas voltadas \npara a prioridade que n\u00e3o \u00e9 apenas do governo, mas de todos n\u00f3s. Requer \nmuita habilidade para acabar com distor\u00e7\u00f5es sem prejudicar a economia, \nque n\u00e3o pode prescindir das plantas industriais existentes, \nredistribu\u00eddas quando poss\u00edvel, nem de financiamentos de infraestrutura,\n da qual dependemos para competir.<\/p>\n\n\n\n<p>O discurso na ACRJ foi muito aplaudido. Exercer comando no Brasil de \nhoje \u00e9 efetivamente um desafio a pedir toler\u00e2ncia, compreens\u00e3o e muito \namor ao nosso pa\u00eds.<\/p>\n\n\n\n<p>As cobran\u00e7as est\u00e3o muito passionais, pressionando de todos os lados \nos encarregados de miss\u00f5es de alta relev\u00e2ncia. Homem de bom \ntemperamento, o presidente do BNDES saber\u00e1 superar incompreens\u00f5es \npontuais e cumprir bem a sua miss\u00e3o, com coer\u00eancia e coragem.<\/p>\n\n\n\n<p><strong><em>* Publicado no Jornal O Dia<\/em><\/strong><\/p>\n\n\n\n<p class=\"has-text-align-right has-medium-font-size\"><strong> Arist\u00f3teles Drummond <\/strong><\/p>\n","protected":false},"excerpt":{"rendered":"<p>Hoje, a prioridade \u00e9 o emprego e a retomada do crescimento. E o BNDES \u00e9 o mais poderoso instrumento do governo Paulo Rabello de Castro&hellip;<\/p>\n","protected":false},"author":1,"featured_media":1424,"comment_status":"closed","ping_status":"closed","sticky":false,"template":"","format":"standard","meta":{"_exactmetrics_skip_tracking":false,"_exactmetrics_sitenote_active":false,"_exactmetrics_sitenote_note":"","_exactmetrics_sitenote_category":0,"footnotes":""},"categories":[12],"tags":[],"class_list":["post-1432","post","type-post","status-publish","format-standard","has-post-thumbnail","hentry","category-artigos"],"_links":{"self":[{"href":"https:\/\/acrj.org.br\/index.php\/wp-json\/wp\/v2\/posts\/1432","targetHints":{"allow":["GET"]}}],"collection":[{"href":"https:\/\/acrj.org.br\/index.php\/wp-json\/wp\/v2\/posts"}],"about":[{"href":"https:\/\/acrj.org.br\/index.php\/wp-json\/wp\/v2\/types\/post"}],"author":[{"embeddable":true,"href":"https:\/\/acrj.org.br\/index.php\/wp-json\/wp\/v2\/users\/1"}],"replies":[{"embeddable":true,"href":"https:\/\/acrj.org.br\/index.php\/wp-json\/wp\/v2\/comments?post=1432"}],"version-history":[{"count":0,"href":"https:\/\/acrj.org.br\/index.php\/wp-json\/wp\/v2\/posts\/1432\/revisions"}],"wp:featuredmedia":[{"embeddable":true,"href":"https:\/\/acrj.org.br\/index.php\/wp-json\/wp\/v2\/media\/1424"}],"wp:attachment":[{"href":"https:\/\/acrj.org.br\/index.php\/wp-json\/wp\/v2\/media?parent=1432"}],"wp:term":[{"taxonomy":"category","embeddable":true,"href":"https:\/\/acrj.org.br\/index.php\/wp-json\/wp\/v2\/categories?post=1432"},{"taxonomy":"post_tag","embeddable":true,"href":"https:\/\/acrj.org.br\/index.php\/wp-json\/wp\/v2\/tags?post=1432"}],"curies":[{"name":"wp","href":"https:\/\/api.w.org\/{rel}","templated":true}]}}