{"id":14226,"date":"2023-01-09T08:43:23","date_gmt":"2023-01-09T11:43:23","guid":{"rendered":"https:\/\/acrj.org.br\/?p=14226"},"modified":"2023-01-24T15:18:19","modified_gmt":"2023-01-24T18:18:19","slug":"acrj-condena-atos-antidemocraticos-ocorridos-em-brasilia","status":"publish","type":"post","link":"https:\/\/acrj.org.br\/index.php\/2023\/01\/09\/acrj-condena-atos-antidemocraticos-ocorridos-em-brasilia\/","title":{"rendered":"ACRJ condena atos antidemocr\u00e1ticos ocorridos em Bras\u00edlia"},"content":{"rendered":"\n<p>A Associa\u00e7\u00e3o Comercial do Rio de Janeiro, em face dos acontecimentos ocorridos ontem em Bras\u00edlia, com a invas\u00e3o \u00e0s sedes dos Poderes e depreda\u00e7\u00e3o de suas depend\u00eancias, vem a p\u00fablico condenar veementemente o ocorrido.<br>N\u00e3o se pode tolerar esse tipo de conduta violenta, \u00e0 pretexto de protesto pol\u00edtico. O compromisso da ACRJ \u00e9 com a democracia, o desenvolvimento do pa\u00eds e a paz social.<\/p>\n","protected":false},"excerpt":{"rendered":"<p>A Associa\u00e7\u00e3o Comercial do Rio de Janeiro, em face dos acontecimentos ocorridos ontem em Bras\u00edlia, com a invas\u00e3o \u00e0s sedes dos Poderes e depreda\u00e7\u00e3o de&hellip;<\/p>\n","protected":false},"author":3,"featured_media":14283,"comment_status":"closed","ping_status":"closed","sticky":false,"template":"","format":"standard","meta":{"_exactmetrics_skip_tracking":false,"_exactmetrics_sitenote_active":false,"_exactmetrics_sitenote_note":"","_exactmetrics_sitenote_category":0,"footnotes":""},"categories":[6],"tags":[],"class_list":["post-14226","post","type-post","status-publish","format-standard","has-post-thumbnail","hentry","category-destaque_noticias"],"_links":{"self":[{"href":"https:\/\/acrj.org.br\/index.php\/wp-json\/wp\/v2\/posts\/14226","targetHints":{"allow":["GET"]}}],"collection":[{"href":"https:\/\/acrj.org.br\/index.php\/wp-json\/wp\/v2\/posts"}],"about":[{"href":"https:\/\/acrj.org.br\/index.php\/wp-json\/wp\/v2\/types\/post"}],"author":[{"embeddable":true,"href":"https:\/\/acrj.org.br\/index.php\/wp-json\/wp\/v2\/users\/3"}],"replies":[{"embeddable":true,"href":"https:\/\/acrj.org.br\/index.php\/wp-json\/wp\/v2\/comments?post=14226"}],"version-history":[{"count":0,"href":"https:\/\/acrj.org.br\/index.php\/wp-json\/wp\/v2\/posts\/14226\/revisions"}],"wp:featuredmedia":[{"embeddable":true,"href":"https:\/\/acrj.org.br\/index.php\/wp-json\/wp\/v2\/media\/14283"}],"wp:attachment":[{"href":"https:\/\/acrj.org.br\/index.php\/wp-json\/wp\/v2\/media?parent=14226"}],"wp:term":[{"taxonomy":"category","embeddable":true,"href":"https:\/\/acrj.org.br\/index.php\/wp-json\/wp\/v2\/categories?post=14226"},{"taxonomy":"post_tag","embeddable":true,"href":"https:\/\/acrj.org.br\/index.php\/wp-json\/wp\/v2\/tags?post=14226"}],"curies":[{"name":"wp","href":"https:\/\/api.w.org\/{rel}","templated":true}]}}