{"id":14155,"date":"2022-12-14T01:52:24","date_gmt":"2022-12-14T04:52:24","guid":{"rendered":"https:\/\/acrj.org.br\/?p=14155"},"modified":"2023-01-06T02:25:16","modified_gmt":"2023-01-06T05:25:16","slug":"conselho-de-logistica-e-transportes-faz-balanco-de-2022","status":"publish","type":"post","link":"https:\/\/acrj.org.br\/index.php\/2022\/12\/14\/conselho-de-logistica-e-transportes-faz-balanco-de-2022\/","title":{"rendered":"Conselho de Log\u00edstica e Transportes faz balan\u00e7o de 2022"},"content":{"rendered":"\t\t<div data-elementor-type=\"wp-post\" data-elementor-id=\"14155\" class=\"elementor elementor-14155\" data-elementor-post-type=\"post\">\n\t\t\t\t\t\t<section class=\"elementor-section elementor-top-section elementor-element elementor-element-2cfa301e elementor-section-boxed elementor-section-height-default elementor-section-height-default\" data-id=\"2cfa301e\" data-element_type=\"section\" data-e-type=\"section\">\n\t\t\t\t\t\t<div class=\"elementor-container elementor-column-gap-default\">\n\t\t\t\t\t<div class=\"elementor-column elementor-col-100 elementor-top-column elementor-element elementor-element-654fd68f\" data-id=\"654fd68f\" data-element_type=\"column\" data-e-type=\"column\">\n\t\t\t<div class=\"elementor-widget-wrap elementor-element-populated\">\n\t\t\t\t\t\t<div class=\"elementor-element elementor-element-336e3e34 elementor-widget elementor-widget-text-editor\" data-id=\"336e3e34\" data-element_type=\"widget\" data-e-type=\"widget\" data-widget_type=\"text-editor.default\">\n\t\t\t\t<div class=\"elementor-widget-container\">\n\t\t\t\t\t\t\t\t\t\n<p>O Conselho Empresarial de Log\u00edstica e Transportes da ACRJ se reuniu nesta ter\u00e7a-feira 13\/12, para fazer um balan\u00e7o das atividades do ano e apresentar as perspectivas para 2023. O presidente do Conselho, Eduardo Rebuzzi, resumiu as propostas de a\u00e7\u00e3o para o pr\u00f3ximo ano por tema: rodovias, ferrovias, portos, aeroportos e mobilidade urbana. V\u00e1rios assuntos foram sugeridos pelos conselheiros e dever\u00e3o ser inclu\u00eddos na pauta.<\/p>\n<p>Entre elas, Rebuzzi mencionou a import\u00e2ncia da inclus\u00e3o no Or\u00e7amento da Uni\u00e3o de obras de dragagem e amplia\u00e7\u00e3o dos acessos aos terminais de container no Porto do Rio. Na pauta para o ano que vem, a licita\u00e7\u00e3o dos aeroportos do Gale\u00e3o e Santos Dumont; a inclus\u00e3o da obra da Rodovia do Contorno (Nova Friburgo) na nova concess\u00e3o da Rota 116, que vence em 2024; e a aprova\u00e7\u00e3o dos estudos e defini\u00e7\u00e3o de modelo concess\u00f3rio e financiamento da ferrovia Rio-Vit\u00f3ria (EF-118). Na \u00e1rea de mobilidade urbana, a obra do BRT Transbrasil e o gargalo pr\u00f3ximo \u00e0 Rodovi\u00e1ria Novo Rio.<\/p>\n<p>O conselheiro S\u00e9rgio Vianna fez um resumo das realiza\u00e7\u00f5es em 2022. Como a parceria entre a ACRJ e a FETRANSCARGA no in\u00edcio do ano na campanha SOS Petr\u00f3polis. As duas entidades uniram-se para arrecadar e levar donativos para a cidade serrana afetada pelas chuvas.<\/p>\n<p>Vianna tamb\u00e9m ressaltou a participa\u00e7\u00e3o do Conselho no grupo de trabalho Rio Ilegal, criado pela Associa\u00e7\u00e3o Comercial, Firjan e Fecom\u00e9rcio, contribuindo especificamente na discuss\u00e3o sobre o roubo de cargas. Ele destacou outras iniciativas ao longo do ano, como as reuni\u00f5es com o Consulado do Jap\u00e3o, com o Deputado Federal Hugo Leal e sobre o BRT Transbrasil com a secret\u00e1ria Municipal de Transportes, Ma\u00edna Celidonio.<\/p>\n<p>O presidente Rebuzzi aproveitou para informar que ser\u00e1 definida, de comum acordo com os conselheiros, uma data fixa de reuni\u00f5es mensais para o pr\u00f3ximo ano.<\/p>\n\t\t\t\t\t\t\t\t<\/div>\n\t\t\t\t<\/div>\n\t\t\t\t<div class=\"elementor-element elementor-element-995c196 elementor-widget elementor-widget-gallery\" data-id=\"995c196\" data-element_type=\"widget\" data-e-type=\"widget\" data-settings=\"{&quot;columns&quot;:3,&quot;lazyload&quot;:&quot;yes&quot;,&quot;gallery_layout&quot;:&quot;grid&quot;,&quot;columns_tablet&quot;:2,&quot;columns_mobile&quot;:1,&quot;gap&quot;:{&quot;unit&quot;:&quot;px&quot;,&quot;size&quot;:10,&quot;sizes&quot;:[]},&quot;gap_tablet&quot;:{&quot;unit&quot;:&quot;px&quot;,&quot;size&quot;:10,&quot;sizes&quot;:[]},&quot;gap_mobile&quot;:{&quot;unit&quot;:&quot;px&quot;,&quot;size&quot;:10,&quot;sizes&quot;:[]},&quot;link_to&quot;:&quot;file&quot;,&quot;aspect_ratio&quot;:&quot;3:2&quot;,&quot;overlay_background&quot;:&quot;yes&quot;,&quot;content_hover_animation&quot;:&quot;fade-in&quot;}\" data-widget_type=\"gallery.default\">\n\t\t\t\t<div class=\"elementor-widget-container\">\n\t\t\t\t\t\t\t<div class=\"elementor-gallery__container\">\n\t\t\t\t\t\t\t<a class=\"e-gallery-item elementor-gallery-item elementor-animated-content\" href=\"https:\/\/acrj.org.br\/wp-content\/uploads\/2022\/12\/Imagem-do-WhatsApp-de-2022-12-13-as-18.16.52.jpg\" data-elementor-open-lightbox=\"yes\" data-elementor-lightbox-slideshow=\"995c196\" data-elementor-lightbox-title=\"Conselho de Log\u00edstica e Transportes\" data-e-action-hash=\"#elementor-action%3Aaction%3Dlightbox%26settings%3DeyJpZCI6MTQxNTgsInVybCI6Imh0dHBzOlwvXC9hY3JqLm9yZy5iclwvd3AtY29udGVudFwvdXBsb2Fkc1wvMjAyMlwvMTJcL0ltYWdlbS1kby1XaGF0c0FwcC1kZS0yMDIyLTEyLTEzLWFzLTE4LjE2LjUyLmpwZyIsInNsaWRlc2hvdyI6Ijk5NWMxOTYifQ%3D%3D\">\n\t\t\t\t\t<div class=\"e-gallery-image elementor-gallery-item__image\" data-thumbnail=\"https:\/\/acrj.org.br\/wp-content\/uploads\/2022\/12\/Imagem-do-WhatsApp-de-2022-12-13-as-18.16.52.jpg\" data-width=\"1600\" data-height=\"720\" aria-label=\"\" role=\"img\" ><\/div>\n\t\t\t\t\t\t\t\t\t\t\t<div class=\"elementor-gallery-item__overlay\"><\/div>\n\t\t\t\t\t\t\t\t\t\t\t\t\t\t<\/a>\n\t\t\t\t\t\t\t<a class=\"e-gallery-item elementor-gallery-item elementor-animated-content\" href=\"https:\/\/acrj.org.br\/wp-content\/uploads\/2022\/12\/Imagem-do-WhatsApp-de-2022-12-13-as-18.17.40.jpg\" data-elementor-open-lightbox=\"yes\" data-elementor-lightbox-slideshow=\"995c196\" data-elementor-lightbox-title=\"Conselho de Log\u00edstica e Transportes\" data-e-action-hash=\"#elementor-action%3Aaction%3Dlightbox%26settings%3DeyJpZCI6MTQxNTcsInVybCI6Imh0dHBzOlwvXC9hY3JqLm9yZy5iclwvd3AtY29udGVudFwvdXBsb2Fkc1wvMjAyMlwvMTJcL0ltYWdlbS1kby1XaGF0c0FwcC1kZS0yMDIyLTEyLTEzLWFzLTE4LjE3LjQwLmpwZyIsInNsaWRlc2hvdyI6Ijk5NWMxOTYifQ%3D%3D\">\n\t\t\t\t\t<div class=\"e-gallery-image elementor-gallery-item__image\" data-thumbnail=\"https:\/\/acrj.org.br\/wp-content\/uploads\/2022\/12\/Imagem-do-WhatsApp-de-2022-12-13-as-18.17.40.jpg\" data-width=\"1600\" data-height=\"720\" aria-label=\"\" role=\"img\" ><\/div>\n\t\t\t\t\t\t\t\t\t\t\t<div class=\"elementor-gallery-item__overlay\"><\/div>\n\t\t\t\t\t\t\t\t\t\t\t\t\t\t<\/a>\n\t\t\t\t\t\t\t<a class=\"e-gallery-item elementor-gallery-item elementor-animated-content\" href=\"https:\/\/acrj.org.br\/wp-content\/uploads\/2022\/12\/Imagem-do-WhatsApp-de-2022-12-13-as-18.22.11.jpg\" data-elementor-open-lightbox=\"yes\" data-elementor-lightbox-slideshow=\"995c196\" data-elementor-lightbox-title=\"Conselho de Log\u00edstica e Transportes\" data-e-action-hash=\"#elementor-action%3Aaction%3Dlightbox%26settings%3DeyJpZCI6MTQxNTYsInVybCI6Imh0dHBzOlwvXC9hY3JqLm9yZy5iclwvd3AtY29udGVudFwvdXBsb2Fkc1wvMjAyMlwvMTJcL0ltYWdlbS1kby1XaGF0c0FwcC1kZS0yMDIyLTEyLTEzLWFzLTE4LjIyLjExLmpwZyIsInNsaWRlc2hvdyI6Ijk5NWMxOTYifQ%3D%3D\">\n\t\t\t\t\t<div class=\"e-gallery-image elementor-gallery-item__image\" data-thumbnail=\"https:\/\/acrj.org.br\/wp-content\/uploads\/2022\/12\/Imagem-do-WhatsApp-de-2022-12-13-as-18.22.11.jpg\" data-width=\"1280\" data-height=\"750\" aria-label=\"\" role=\"img\" ><\/div>\n\t\t\t\t\t\t\t\t\t\t\t<div class=\"elementor-gallery-item__overlay\"><\/div>\n\t\t\t\t\t\t\t\t\t\t\t\t\t\t<\/a>\n\t\t\t\t\t<\/div>\n\t\t\t\t\t<\/div>\n\t\t\t\t<\/div>\n\t\t\t\t\t<\/div>\n\t\t<\/div>\n\t\t\t\t\t<\/div>\n\t\t<\/section>\n\t\t\t\t<\/div>\n\t\t","protected":false},"excerpt":{"rendered":"<p>O Conselho Empresarial de Log\u00edstica e Transportes da ACRJ se reuniu nesta ter\u00e7a-feira 13\/12, para fazer um balan\u00e7o das atividades do ano e apresentar as&hellip;<\/p>\n","protected":false},"author":1,"featured_media":14159,"comment_status":"closed","ping_status":"closed","sticky":false,"template":"","format":"standard","meta":{"_exactmetrics_skip_tracking":false,"_exactmetrics_sitenote_active":false,"_exactmetrics_sitenote_note":"","_exactmetrics_sitenote_category":0,"footnotes":""},"categories":[10],"tags":[],"class_list":["post-14155","post","type-post","status-publish","format-standard","has-post-thumbnail","hentry","category-noticias"],"_links":{"self":[{"href":"https:\/\/acrj.org.br\/index.php\/wp-json\/wp\/v2\/posts\/14155","targetHints":{"allow":["GET"]}}],"collection":[{"href":"https:\/\/acrj.org.br\/index.php\/wp-json\/wp\/v2\/posts"}],"about":[{"href":"https:\/\/acrj.org.br\/index.php\/wp-json\/wp\/v2\/types\/post"}],"author":[{"embeddable":true,"href":"https:\/\/acrj.org.br\/index.php\/wp-json\/wp\/v2\/users\/1"}],"replies":[{"embeddable":true,"href":"https:\/\/acrj.org.br\/index.php\/wp-json\/wp\/v2\/comments?post=14155"}],"version-history":[{"count":0,"href":"https:\/\/acrj.org.br\/index.php\/wp-json\/wp\/v2\/posts\/14155\/revisions"}],"wp:featuredmedia":[{"embeddable":true,"href":"https:\/\/acrj.org.br\/index.php\/wp-json\/wp\/v2\/media\/14159"}],"wp:attachment":[{"href":"https:\/\/acrj.org.br\/index.php\/wp-json\/wp\/v2\/media?parent=14155"}],"wp:term":[{"taxonomy":"category","embeddable":true,"href":"https:\/\/acrj.org.br\/index.php\/wp-json\/wp\/v2\/categories?post=14155"},{"taxonomy":"post_tag","embeddable":true,"href":"https:\/\/acrj.org.br\/index.php\/wp-json\/wp\/v2\/tags?post=14155"}],"curies":[{"name":"wp","href":"https:\/\/api.w.org\/{rel}","templated":true}]}}