{"id":14092,"date":"2022-11-17T12:26:33","date_gmt":"2022-11-17T15:26:33","guid":{"rendered":"https:\/\/acrj.org.br\/?p=14092"},"modified":"2022-11-25T12:35:55","modified_gmt":"2022-11-25T15:35:55","slug":"acrj-debate-mobilidade-seguranca-e-planejamento-para-2023","status":"publish","type":"post","link":"https:\/\/acrj.org.br\/index.php\/2022\/11\/17\/acrj-debate-mobilidade-seguranca-e-planejamento-para-2023\/","title":{"rendered":"ACRJ debate mobilidade, seguran\u00e7a e planejamento para 2023"},"content":{"rendered":"\n<p>A reuni\u00e3o do Conselho Empresarial de Log\u00edstica e Transporte da ACRJ, realizada 16 de novembro, contou com a presen\u00e7a de empres\u00e1rios, conselheiros e especialistas do setor e abordou uma agenda com temas importantes e que constar\u00e3o da agenda para 2023. Entre eles, seguran\u00e7a, mobilidade e investimentos na infraestrutura de transporte e mobilidade.<\/p>\n\n\n\n<p>\u201cMobilidade \u00e9 um assunto de grande import\u00e2ncia para todo o estado do Rio de Janeiro, em especial, para a regi\u00e3o metropolitana e capital. N\u00f3s temos uma agenda com muitos temas a serem debatidos no \u00e2mbito estadual, municipal e at\u00e9 mesmo na \u00e1rea federal no que diz respeito \u00e0s rodovias, aeroportos, portos e ferrovias\u201d, comentou Eduardo Rebuzzi, presidente do Conselho.<\/p>\n\n\n\n<p>Para Delmo Pinho, o Brasil est\u00e1 chegando no momento que carece de um mapa de investimentos. \u201cO Rio de Janeiro n\u00e3o tem um mapa desses, onde esteja claro para a sociedade, entidades e empresas, entre outros setores. Estamos lan\u00e7ando alguns assuntos, mas precisamos tra\u00e7ar os mais importantes e priorit\u00e1rios. Mostrar para os governos e para os parlamentares\u00a0 que podem defender projetos para a nossa empresa chamada Rio de Janeiro\u201d, destacou o vice-presidente do Conselho.<\/p>\n\n\n\n<p>Ele lembrou que grandes investidores mundiais est\u00e3o abandonando o Rio, como \u00e9 o caso das concess\u00f5es do Gale\u00e3o, Linha Amarela e Barcas.\u00a0<\/p>\n\n\n\n<p>Os conselheiros refor\u00e7aram a urg\u00eancia na solu\u00e7\u00e3o para alguns problemas, como o roubo de cargas que afeta a economia e a sociedade fluminense como um todo. Vamos levar sugest\u00f5es ao secret\u00e1rio de Estado da Casa Civil, Nicola Miccione, j\u00e1 que a viol\u00eancia empregada e valores envolvidos cresceu nos \u00faltimos tempos. O aumento da seguran\u00e7a por parte da Pol\u00edcia Militar nas regi\u00f5es onde ocorrem mais roubos \u00e9 uma das propostas que ser\u00e3o apresentadas ao executivo estadual.<\/p>\n\n\n\n<p>Durante a reuni\u00e3o, o Conselho da ACRJ e a FETRANSCARGA fizeram uma homenagem \u00e0s empresas que, de forma volunt\u00e1ria e gratuita, contribu\u00edram para transportar itens e donativos recebidos como tamb\u00e9m, desobstru\u00e7\u00e3o de vias e rios, atendendo \u00e0s v\u00edtimas da trag\u00e9dia ocorrida em Petr\u00f3polis RJ, em fevereiro deste ano, quando foi criada a Campanha SOS Petr\u00f3polis. As empresas homenageadas foram: AGS Transportes e Log\u00edstica; Amigos do Agir; COMJOVEM &#8211; Rio de Janeiro; Fricargas Transportes; Frilog Transportes &#8211; Rio de Janeiro; G. Silva Transportes e Log\u00edstica Ltda; Grativol Transportes; Guindast\u00e3o Log\u00edstica; Marfran Transportes e Log\u00edstica; Maxpesa Constru\u00e7\u00f5es Transportes Loca\u00e7\u00f5es e Montagens; MTD Transportes Ltda; Rodofly Operador Multimodal; Su\u00ed\u00e7a Brasileira &#8211; Transporte e Distribui\u00e7\u00e3o; TFT Transportes; Tracker Log\u00edstica; Transcouto Transportes; Transita Transportes; Transportadora Continental Rio de Janeiro; Transportadora Pedro Ernesto; Transporte Generoso Rio; Tranziran Transportes Ltda e WMS Transporte e Log\u00edstica.<\/p>\n\n\n\n<p>Tamb\u00e9m foram reconhecidas as empresas que se destacaram na preserva\u00e7\u00e3o ambiental atrav\u00e9s do projeto DESPOLUIR, da FETRANSCARGA e CNT\/SEST SENAT. S\u00e3o elas: Braspress Transportes Urgentes LTDA; Efitrans Transportes LTDA e Rodofly Operador Multimodal. O programa atua em a\u00e7\u00f5es ambientalmente corretas e tem como miss\u00e3o \u201cmobilizar o transporte brasileiro para a sustentabilidade, efici\u00eancia e inova\u00e7\u00e3o\u201d<\/p>\n\n\n\n<figure class=\"wp-block-image size-large is-resized\"><img fetchpriority=\"high\" decoding=\"async\" src=\"https:\/\/acrj.org.br\/wp-content\/uploads\/2022\/11\/image-1-1024x768.png\" alt=\"\" class=\"wp-image-14093\" width=\"366\" height=\"275\" srcset=\"https:\/\/acrj.org.br\/wp-content\/uploads\/2022\/11\/image-1-1024x768.png 1024w, https:\/\/acrj.org.br\/wp-content\/uploads\/2022\/11\/image-1-600x450.png 600w, https:\/\/acrj.org.br\/wp-content\/uploads\/2022\/11\/image-1-300x225.png 300w, https:\/\/acrj.org.br\/wp-content\/uploads\/2022\/11\/image-1-768x576.png 768w, https:\/\/acrj.org.br\/wp-content\/uploads\/2022\/11\/image-1-1536x1152.png 1536w, https:\/\/acrj.org.br\/wp-content\/uploads\/2022\/11\/image-1.png 1600w\" sizes=\"(max-width: 366px) 100vw, 366px\" \/><\/figure>\n","protected":false},"excerpt":{"rendered":"<p>A reuni\u00e3o do Conselho Empresarial de Log\u00edstica e Transporte da ACRJ, realizada 16 de novembro, contou com a presen\u00e7a de empres\u00e1rios, conselheiros e especialistas do&hellip;<\/p>\n","protected":false},"author":1,"featured_media":14095,"comment_status":"closed","ping_status":"closed","sticky":false,"template":"","format":"standard","meta":{"_exactmetrics_skip_tracking":false,"_exactmetrics_sitenote_active":false,"_exactmetrics_sitenote_note":"","_exactmetrics_sitenote_category":0,"footnotes":""},"categories":[10],"tags":[],"class_list":["post-14092","post","type-post","status-publish","format-standard","has-post-thumbnail","hentry","category-noticias"],"_links":{"self":[{"href":"https:\/\/acrj.org.br\/index.php\/wp-json\/wp\/v2\/posts\/14092","targetHints":{"allow":["GET"]}}],"collection":[{"href":"https:\/\/acrj.org.br\/index.php\/wp-json\/wp\/v2\/posts"}],"about":[{"href":"https:\/\/acrj.org.br\/index.php\/wp-json\/wp\/v2\/types\/post"}],"author":[{"embeddable":true,"href":"https:\/\/acrj.org.br\/index.php\/wp-json\/wp\/v2\/users\/1"}],"replies":[{"embeddable":true,"href":"https:\/\/acrj.org.br\/index.php\/wp-json\/wp\/v2\/comments?post=14092"}],"version-history":[{"count":0,"href":"https:\/\/acrj.org.br\/index.php\/wp-json\/wp\/v2\/posts\/14092\/revisions"}],"wp:featuredmedia":[{"embeddable":true,"href":"https:\/\/acrj.org.br\/index.php\/wp-json\/wp\/v2\/media\/14095"}],"wp:attachment":[{"href":"https:\/\/acrj.org.br\/index.php\/wp-json\/wp\/v2\/media?parent=14092"}],"wp:term":[{"taxonomy":"category","embeddable":true,"href":"https:\/\/acrj.org.br\/index.php\/wp-json\/wp\/v2\/categories?post=14092"},{"taxonomy":"post_tag","embeddable":true,"href":"https:\/\/acrj.org.br\/index.php\/wp-json\/wp\/v2\/tags?post=14092"}],"curies":[{"name":"wp","href":"https:\/\/api.w.org\/{rel}","templated":true}]}}