{"id":14049,"date":"2022-11-23T13:30:00","date_gmt":"2022-11-23T16:30:00","guid":{"rendered":"https:\/\/acrj.org.br\/?p=14049"},"modified":"2022-12-26T15:58:37","modified_gmt":"2022-12-26T18:58:37","slug":"conselheiros-da-acrj-visitam-restauro-de-murais-no-teatro-joao-caetano","status":"publish","type":"post","link":"https:\/\/acrj.org.br\/index.php\/2022\/11\/23\/conselheiros-da-acrj-visitam-restauro-de-murais-no-teatro-joao-caetano\/","title":{"rendered":"Membros do Conselho de Assuntos Culturais visitam restauro no Teatro Jo\u00e3o Caetano"},"content":{"rendered":"\n<p>O Conselho Empresarial de Assuntos Culturais da ACRJ visitou, dia 23\/11, o trabalho de restauro dos murais <strong>Samba e Carnaval<\/strong>, de Di Cavalcanti, que est\u00e3o instalados no foyer do segundo piso do Teatro Jo\u00e3o Caetano. Este \u00e9 um dos espa\u00e7os da Funda\u00e7\u00e3o Anita Mantuano de Artes do Estado do Rio de Janeiro \u2013 Funarj. <\/p>\n\n\n\n<p>A apresenta\u00e7\u00e3o foi realizada pelo professor Edson Motta J\u00fanior, que est\u00e1 liderando a equipe de profissionais respons\u00e1veis pela execu\u00e7\u00e3o do restauro. Segundo o presidente do Conselho, Douglas Fasolato, que \u00e9 coordenador de Museu da Funarj, trata-se dos primeiros murais modernistas brasileiros, pintados entre 1929 e 1930. \u201cEsta visita se integra a programa\u00e7\u00e3o do Conselho para as comemora\u00e7\u00f5es da Semana de Arte Moderna\u201d, completou.<\/p>\n\n\n\n<p>Para realizar o Projeto Di Cavalcanti foi formada uma equipe de 16 pessoas, sendo 10 restauradores e quatro estagi\u00e1rios, da Escola de Belas Artes da UFRJ. O projeto de restauro tamb\u00e9m conta com a colabora\u00e7\u00e3o de tr\u00eas cientistas\/professores da Universidade, especializados em an\u00e1lises de obras de arte: M\u00e1rcia Rizzo, Milena Barbosa Barreto e Daniel Lima Marques Aguiar. Seus achados contribu\u00edram para o bom andamento do restauro, que dever\u00e1 estar pronto no final de dezembro.<\/p>\n\n\n\n<p><strong>Sobre os murais \u201cSamba\u201d e \u201cCarnaval\u201d<\/strong><\/p>\n\n\n\n<p>O Teatro Jo\u00e3o Caetano foi inaugurado em 13 de outubro de 1813, por Dom Jo\u00e3o VI, com o nome de Real Theatro de S\u00e3o Jo\u00e3o. \u00c9 a casa de espet\u00e1culos mais antiga do Rio de Janeiro e recebeu o atual nome, a partir de 1923. Entre 1929 e 1930, Di Cavalcanti pintou os referenciais murais \u201cSamba\u201d e \u201cCarnaval\u201d. Eles s\u00e3o compostos por duas pinturas de 5,5 metros de altura por 4,5 de largura sobre argamassa, em superf\u00edcie total de 49,75 metros quadrados.<\/p>\n\n\n\n<p>Os murais foram encomendados pela prefeitura do Distrito Federal para a inaugura\u00e7\u00e3o do novo edif\u00edcio do Teatro Jo\u00e3o Caetano, em 1930, e durante 72 anos ficaram restritos ao p\u00fablico que frequenta o espa\u00e7o. As duas pinturas de Di Cavalcanti tiveram seu tombamento em 1966.<\/p>\n\n\n\n<p><strong>Informa\u00e7\u00f5es t\u00e9cnicas<\/strong> sobre as obras, de acordo com o professor Edson Motta J\u00fanior:<\/p>\n\n\n\n<p>1. Trata-se de uma pintura mural executada com tintas a \u00f3leo.<\/p>\n\n\n\n<p>2. A tem\u00e1tica \u00e9 popular &#8211; samba e carnaval &#8211; o que n\u00e3o era usual \u00e0 \u00e9poca.<\/p>\n\n\n\n<p>3. As figuras s\u00e3o representadas de forma a criar a ilus\u00e3o de que est\u00e3o dentro do foyer, convivendo no espa\u00e7o, dan\u00e7ando e cantando com o visitante. Esta forma de situar as figuras \u00e9 extremamente avan\u00e7ada para a \u00e9poca e \u00e9, certamente, um reflexo da pintura francesa do per\u00edodo que Di Cavalcanti havia visto alguns anos antes.<\/p>\n\n\n\n<p>4. As tintas s\u00e3o intensas e puras. As sombras s\u00e3o coloridas e nelas n\u00e3o h\u00e1 mistura de tinta preta o que levaria, inevitavelmente, ao empobrecimento do vigor crom\u00e1tico.<\/p>\n\n\n\n<p>5. Merece aten\u00e7\u00e3o o uso de tintas vermelhas transl\u00facidas, as veladuras, de longa tradi\u00e7\u00e3o na arte de pintar. Di Cavalcanti as utiliza sem parcim\u00f4nia e com rara sabedoria. Estas notas intensas de cor contrastam com as azuis e verdes e refor\u00e7am a iconografia festiva e dan\u00e7ante do tema.<\/p>\n\n\n<div class=\"wp-block-image\">\n<figure class=\"alignleft size-large is-resized\"><img fetchpriority=\"high\" decoding=\"async\" src=\"https:\/\/acrj.org.br\/wp-content\/uploads\/2022\/11\/visita-Cultura_Joao-Caetano4-1024x768.jpeg\" alt=\"\" class=\"wp-image-14062\" width=\"346\" height=\"260\" srcset=\"https:\/\/acrj.org.br\/wp-content\/uploads\/2022\/11\/visita-Cultura_Joao-Caetano4-1024x768.jpeg 1024w, https:\/\/acrj.org.br\/wp-content\/uploads\/2022\/11\/visita-Cultura_Joao-Caetano4-600x450.jpeg 600w, https:\/\/acrj.org.br\/wp-content\/uploads\/2022\/11\/visita-Cultura_Joao-Caetano4-300x225.jpeg 300w, https:\/\/acrj.org.br\/wp-content\/uploads\/2022\/11\/visita-Cultura_Joao-Caetano4-768x576.jpeg 768w, https:\/\/acrj.org.br\/wp-content\/uploads\/2022\/11\/visita-Cultura_Joao-Caetano4-1536x1152.jpeg 1536w, https:\/\/acrj.org.br\/wp-content\/uploads\/2022\/11\/visita-Cultura_Joao-Caetano4.jpeg 1600w\" sizes=\"(max-width: 346px) 100vw, 346px\" \/><figcaption class=\"wp-element-caption\">Explica\u00e7\u00f5es do professor Edson Motta J\u00fanior<\/figcaption><\/figure>\n<\/div>\n\n\n<p><\/p>\n\n\n\n<p><\/p>\n\n\n\n<p><\/p>\n\n\n\n<p><\/p>\n\n\n\n<p><\/p>\n\n\n\n<p><\/p>\n\n\n\n<p><\/p>\n\n\n\n<p><\/p>\n\n\n\n<p><\/p>\n\n\n\n<p><\/p>\n\n\n\n<figure class=\"wp-block-image size-large is-resized\"><img decoding=\"async\" src=\"https:\/\/acrj.org.br\/wp-content\/uploads\/2022\/11\/murais1-683x1024.png\" alt=\"\" class=\"wp-image-14075\" width=\"216\" height=\"324\" srcset=\"https:\/\/acrj.org.br\/wp-content\/uploads\/2022\/11\/murais1-683x1024.png 683w, https:\/\/acrj.org.br\/wp-content\/uploads\/2022\/11\/murais1-600x900.png 600w, https:\/\/acrj.org.br\/wp-content\/uploads\/2022\/11\/murais1-200x300.png 200w, https:\/\/acrj.org.br\/wp-content\/uploads\/2022\/11\/murais1-768x1152.png 768w, https:\/\/acrj.org.br\/wp-content\/uploads\/2022\/11\/murais1.png 958w\" sizes=\"(max-width: 216px) 100vw, 216px\" \/><\/figure>\n\n\n\n<figure class=\"wp-block-image size-large is-resized\"><img decoding=\"async\" src=\"https:\/\/acrj.org.br\/wp-content\/uploads\/2022\/11\/murais-682x1024.jpg\" alt=\"\" class=\"wp-image-14074\" width=\"216\" height=\"324\" srcset=\"https:\/\/acrj.org.br\/wp-content\/uploads\/2022\/11\/murais-682x1024.jpg 682w, https:\/\/acrj.org.br\/wp-content\/uploads\/2022\/11\/murais-600x901.jpg 600w, https:\/\/acrj.org.br\/wp-content\/uploads\/2022\/11\/murais-200x300.jpg 200w, https:\/\/acrj.org.br\/wp-content\/uploads\/2022\/11\/murais-768x1153.jpg 768w, https:\/\/acrj.org.br\/wp-content\/uploads\/2022\/11\/murais-1023x1536.jpg 1023w, https:\/\/acrj.org.br\/wp-content\/uploads\/2022\/11\/murais.jpg 1066w\" sizes=\"(max-width: 216px) 100vw, 216px\" \/><\/figure>\n\n\n\n<p><strong>Fotos dos murais: <\/strong>Paulo Cavassani\/Divulga\u00e7\u00e3o<\/p>\n","protected":false},"excerpt":{"rendered":"<p>O Conselho Empresarial de Assuntos Culturais da ACRJ visitou, dia 23\/11, o trabalho de restauro dos murais Samba e Carnaval, de Di Cavalcanti, que est\u00e3o&hellip;<\/p>\n","protected":false},"author":3,"featured_media":14061,"comment_status":"closed","ping_status":"closed","sticky":false,"template":"","format":"standard","meta":{"_exactmetrics_skip_tracking":false,"_exactmetrics_sitenote_active":false,"_exactmetrics_sitenote_note":"","_exactmetrics_sitenote_category":0,"footnotes":""},"categories":[6],"tags":[],"class_list":["post-14049","post","type-post","status-publish","format-standard","has-post-thumbnail","hentry","category-destaque_noticias"],"_links":{"self":[{"href":"https:\/\/acrj.org.br\/index.php\/wp-json\/wp\/v2\/posts\/14049","targetHints":{"allow":["GET"]}}],"collection":[{"href":"https:\/\/acrj.org.br\/index.php\/wp-json\/wp\/v2\/posts"}],"about":[{"href":"https:\/\/acrj.org.br\/index.php\/wp-json\/wp\/v2\/types\/post"}],"author":[{"embeddable":true,"href":"https:\/\/acrj.org.br\/index.php\/wp-json\/wp\/v2\/users\/3"}],"replies":[{"embeddable":true,"href":"https:\/\/acrj.org.br\/index.php\/wp-json\/wp\/v2\/comments?post=14049"}],"version-history":[{"count":0,"href":"https:\/\/acrj.org.br\/index.php\/wp-json\/wp\/v2\/posts\/14049\/revisions"}],"wp:featuredmedia":[{"embeddable":true,"href":"https:\/\/acrj.org.br\/index.php\/wp-json\/wp\/v2\/media\/14061"}],"wp:attachment":[{"href":"https:\/\/acrj.org.br\/index.php\/wp-json\/wp\/v2\/media?parent=14049"}],"wp:term":[{"taxonomy":"category","embeddable":true,"href":"https:\/\/acrj.org.br\/index.php\/wp-json\/wp\/v2\/categories?post=14049"},{"taxonomy":"post_tag","embeddable":true,"href":"https:\/\/acrj.org.br\/index.php\/wp-json\/wp\/v2\/tags?post=14049"}],"curies":[{"name":"wp","href":"https:\/\/api.w.org\/{rel}","templated":true}]}}