{"id":14044,"date":"2022-11-22T08:56:09","date_gmt":"2022-11-22T11:56:09","guid":{"rendered":"https:\/\/acrj.org.br\/?p=14044"},"modified":"2022-11-22T08:56:10","modified_gmt":"2022-11-22T11:56:10","slug":"evento-comemora-os-200-anos-da-esquadra-brasileira","status":"publish","type":"post","link":"https:\/\/acrj.org.br\/index.php\/2022\/11\/22\/evento-comemora-os-200-anos-da-esquadra-brasileira\/","title":{"rendered":"Evento comemora os 200 anos da Esquadra brasileira"},"content":{"rendered":"\n<p>A Associa\u00e7\u00e3o Comercial do Rio de Janeiro vai sediar dia 25\/11 o evento \u201c200 anos de Esquadra\u201d, em comemora\u00e7\u00e3o ao anivers\u00e1rio da Esquadra brasileira, criada em 10 de novembro de 1822. O encontro \u00e9 promovido pela Liga da Defesa Nacional &#8211; Diretoria Estadual do Rio de Janeiro, cujo presidente \u00e9 o benem\u00e9rito da ACRJ, Pedro Ernesto Mariano de Azevedo.<\/p>\n\n\n\n<p>O evento ter\u00e1 a participa\u00e7\u00e3o do presidente da Liga da Reserva Naval do Brasil (LRNB), Rui Schneider, e como conferencistas, o deputado Federal, Luiz Philippe de Orleans e Bragan\u00e7a, o CGM Cl\u00e1udio Costa Braga e o professor Dr. George Ermakoff.<\/p>\n\n\n\n<p>Informa\u00e7\u00f5es pelos telefones: (21) 3546-2429 e 97743-4490.<\/p>\n\n\n\n<figure class=\"wp-block-image size-large is-resized\"><img fetchpriority=\"high\" decoding=\"async\" src=\"https:\/\/acrj.org.br\/wp-content\/uploads\/2022\/11\/evento-esquadra-808x1024.jpeg\" alt=\"\" class=\"wp-image-14046\" width=\"279\" height=\"354\" srcset=\"https:\/\/acrj.org.br\/wp-content\/uploads\/2022\/11\/evento-esquadra-808x1024.jpeg 808w, https:\/\/acrj.org.br\/wp-content\/uploads\/2022\/11\/evento-esquadra-600x760.jpeg 600w, https:\/\/acrj.org.br\/wp-content\/uploads\/2022\/11\/evento-esquadra-237x300.jpeg 237w, https:\/\/acrj.org.br\/wp-content\/uploads\/2022\/11\/evento-esquadra-768x973.jpeg 768w, https:\/\/acrj.org.br\/wp-content\/uploads\/2022\/11\/evento-esquadra.jpeg 1010w\" sizes=\"(max-width: 279px) 100vw, 279px\" \/><\/figure>\n","protected":false},"excerpt":{"rendered":"<p>A Associa\u00e7\u00e3o Comercial do Rio de Janeiro vai sediar dia 25\/11 o evento \u201c200 anos de Esquadra\u201d, em comemora\u00e7\u00e3o ao anivers\u00e1rio da Esquadra brasileira, criada&hellip;<\/p>\n","protected":false},"author":3,"featured_media":14045,"comment_status":"closed","ping_status":"open","sticky":false,"template":"","format":"standard","meta":{"_exactmetrics_skip_tracking":false,"_exactmetrics_sitenote_active":false,"_exactmetrics_sitenote_note":"","_exactmetrics_sitenote_category":0,"footnotes":""},"categories":[10],"tags":[],"class_list":["post-14044","post","type-post","status-publish","format-standard","has-post-thumbnail","hentry","category-noticias"],"_links":{"self":[{"href":"https:\/\/acrj.org.br\/index.php\/wp-json\/wp\/v2\/posts\/14044","targetHints":{"allow":["GET"]}}],"collection":[{"href":"https:\/\/acrj.org.br\/index.php\/wp-json\/wp\/v2\/posts"}],"about":[{"href":"https:\/\/acrj.org.br\/index.php\/wp-json\/wp\/v2\/types\/post"}],"author":[{"embeddable":true,"href":"https:\/\/acrj.org.br\/index.php\/wp-json\/wp\/v2\/users\/3"}],"replies":[{"embeddable":true,"href":"https:\/\/acrj.org.br\/index.php\/wp-json\/wp\/v2\/comments?post=14044"}],"version-history":[{"count":0,"href":"https:\/\/acrj.org.br\/index.php\/wp-json\/wp\/v2\/posts\/14044\/revisions"}],"wp:featuredmedia":[{"embeddable":true,"href":"https:\/\/acrj.org.br\/index.php\/wp-json\/wp\/v2\/media\/14045"}],"wp:attachment":[{"href":"https:\/\/acrj.org.br\/index.php\/wp-json\/wp\/v2\/media?parent=14044"}],"wp:term":[{"taxonomy":"category","embeddable":true,"href":"https:\/\/acrj.org.br\/index.php\/wp-json\/wp\/v2\/categories?post=14044"},{"taxonomy":"post_tag","embeddable":true,"href":"https:\/\/acrj.org.br\/index.php\/wp-json\/wp\/v2\/tags?post=14044"}],"curies":[{"name":"wp","href":"https:\/\/api.w.org\/{rel}","templated":true}]}}