{"id":13933,"date":"2022-11-08T14:44:39","date_gmt":"2022-11-08T17:44:39","guid":{"rendered":"https:\/\/acrj.org.br\/?p=13933"},"modified":"2022-11-08T15:13:56","modified_gmt":"2022-11-08T18:13:56","slug":"fetranspor-lanca-sua-nova-marca-na-sede-da-acrj","status":"publish","type":"post","link":"https:\/\/acrj.org.br\/index.php\/2022\/11\/08\/fetranspor-lanca-sua-nova-marca-na-sede-da-acrj\/","title":{"rendered":"Fetranspor lan\u00e7a sua nova marca na sede da ACRJ"},"content":{"rendered":"\t\t<div data-elementor-type=\"wp-post\" data-elementor-id=\"13933\" class=\"elementor elementor-13933\" data-elementor-post-type=\"post\">\n\t\t\t\t\t\t<section class=\"elementor-section elementor-top-section elementor-element elementor-element-48db7a2a elementor-section-boxed elementor-section-height-default elementor-section-height-default\" data-id=\"48db7a2a\" data-element_type=\"section\" data-e-type=\"section\">\n\t\t\t\t\t\t<div class=\"elementor-container elementor-column-gap-default\">\n\t\t\t\t\t<div class=\"elementor-column elementor-col-100 elementor-top-column elementor-element elementor-element-591779cf\" data-id=\"591779cf\" data-element_type=\"column\" data-e-type=\"column\">\n\t\t\t<div class=\"elementor-widget-wrap elementor-element-populated\">\n\t\t\t\t\t\t<div class=\"elementor-element elementor-element-67de0b01 elementor-widget elementor-widget-text-editor\" data-id=\"67de0b01\" data-element_type=\"widget\" data-e-type=\"widget\" data-widget_type=\"text-editor.default\">\n\t\t\t\t<div class=\"elementor-widget-container\">\n\t\t\t\t\t\t\t\t\t\n<p>Empres\u00e1rios e personalidades dos setores de log\u00edstica e transportes participaram do lan\u00e7amento da SEMOVE, nova marca da Fetranspor, na Associa\u00e7\u00e3o Comercial do Rio de Janeiro. Uma das mais tradicionais organiza\u00e7\u00f5es que representam o transporte p\u00fablico coletivo do pa\u00eds, a federa\u00e7\u00e3o anunciou uma reestrutura\u00e7\u00e3o interna e o incentivo a transforma\u00e7\u00e3o das empresas, associadas \u00e0 institui\u00e7\u00e3o, que completa esse ano 67 anos de exist\u00eancia.<\/p>\n\n<p>\u201cA SEMOVE representa um novo olhar para a mobilidade urbana, consolidado em valores que consideramos imprescind\u00edveis, como transpar\u00eancia e integridade. Na pr\u00e1tica, temos uma entidade mais estruturada para lidar com os novos desafios impostos ao transporte p\u00fablico coletivo, que precisa ser menos dependente da tarifa paga pelos passageiros e, assim, socialmente mais justo, al\u00e9m de ser capaz de atender \u00e0s expectativas por mais qualidade e previsibilidade. Ap\u00f3s as mudan\u00e7as internas, ou seja, ap\u00f3s arrumar a nossa pr\u00f3pria casa, iniciamos um novo processo em que precisamos construir junto com governos e a popula\u00e7\u00e3o a mobilidade do futuro. Estamos cientes da responsabilidade de inspirar e liderar a transforma\u00e7\u00e3o em 184 empresas\u201d, afirmou o vice-presidente de Rela\u00e7\u00f5es Institucionais da SEMOVE, Rodrigo Tortoriello.<\/p>\n\n<p>\u201cMais do que uma mudan\u00e7a de marca e de uma reestrutura\u00e7\u00e3o empresarial, o que foi apresentado foi uma aula de planejamento urbano e de transportes, necess\u00e1rio de ser aplicado na segunda maior regi\u00e3o metropolitano da pa\u00eds, o Rio de Janeiro. Est\u00e3o todos de parab\u00e9ns. Agora a miss\u00e3o \u00e9 materializar o que foi proposto\u201d, ressaltou o vice-presidente do Conselho Empresarial de Log\u00edstica e Transporte da ACRJ, Delmo Pinho.<\/p>\n\n<p>As empresas de \u00f4nibus, que fazem parte da federa\u00e7\u00e3o, operam linhas municipais, intermunicipais e de fretamento em todas as regi\u00f5es do Estado e s\u00e3o respons\u00e1veis pelo deslocamento di\u00e1rio de mais de cinco milh\u00f5es de passageiros.<\/p>\n\n<p>Mais informa\u00e7\u00f5es sobre a SEMOVE acesse o link <a href=\"https:\/\/semove.org.br\/\">https:\/\/semove.org.br\/<\/a><\/p>\n\t\t\t\t\t\t\t\t<\/div>\n\t\t\t\t<\/div>\n\t\t\t\t\t<\/div>\n\t\t<\/div>\n\t\t\t\t\t<\/div>\n\t\t<\/section>\n\t\t\t\t<section class=\"elementor-section elementor-top-section elementor-element elementor-element-f1d7095 elementor-section-boxed elementor-section-height-default elementor-section-height-default\" data-id=\"f1d7095\" data-element_type=\"section\" data-e-type=\"section\">\n\t\t\t\t\t\t<div class=\"elementor-container elementor-column-gap-default\">\n\t\t\t\t\t<div class=\"elementor-column elementor-col-50 elementor-top-column elementor-element elementor-element-398960f\" data-id=\"398960f\" data-element_type=\"column\" data-e-type=\"column\">\n\t\t\t<div class=\"elementor-widget-wrap elementor-element-populated\">\n\t\t\t\t\t\t<div class=\"elementor-element elementor-element-32f5f43 elementor-widget elementor-widget-text-editor\" data-id=\"32f5f43\" data-element_type=\"widget\" data-e-type=\"widget\" data-widget_type=\"text-editor.default\">\n\t\t\t\t<div class=\"elementor-widget-container\">\n\t\t\t\t\t\t\t\t\t<p>VP de Rela\u00e7\u00f5es Institucionais Rodrigo Tortoriello<\/p>\t\t\t\t\t\t\t\t<\/div>\n\t\t\t\t<\/div>\n\t\t\t\t<div class=\"elementor-element elementor-element-421295d elementor-widget elementor-widget-image\" data-id=\"421295d\" data-element_type=\"widget\" data-e-type=\"widget\" data-widget_type=\"image.default\">\n\t\t\t\t<div class=\"elementor-widget-container\">\n\t\t\t\t\t\t\t\t\t\t\t\t<figure class=\"wp-caption\">\n\t\t\t\t\t\t\t\t\t\t<img fetchpriority=\"high\" decoding=\"async\" width=\"1024\" height=\"683\" src=\"https:\/\/acrj.org.br\/wp-content\/uploads\/2022\/11\/image.png\" class=\"attachment-full size-full wp-image-13934\" alt=\"\" srcset=\"https:\/\/acrj.org.br\/wp-content\/uploads\/2022\/11\/image.png 1024w, https:\/\/acrj.org.br\/wp-content\/uploads\/2022\/11\/image-600x400.png 600w, https:\/\/acrj.org.br\/wp-content\/uploads\/2022\/11\/image-300x200.png 300w, https:\/\/acrj.org.br\/wp-content\/uploads\/2022\/11\/image-768x512.png 768w\" sizes=\"(max-width: 1024px) 100vw, 1024px\" \/>\t\t\t\t\t\t\t\t\t\t\t<figcaption class=\"widget-image-caption wp-caption-text\">Foto: Fausto Ferreira\/Divulga\u00e7\u00e3o Semove<\/figcaption>\n\t\t\t\t\t\t\t\t\t\t<\/figure>\n\t\t\t\t\t\t\t\t\t<\/div>\n\t\t\t\t<\/div>\n\t\t\t\t\t<\/div>\n\t\t<\/div>\n\t\t\t\t<div class=\"elementor-column elementor-col-50 elementor-top-column elementor-element elementor-element-04e82e5\" data-id=\"04e82e5\" data-element_type=\"column\" data-e-type=\"column\">\n\t\t\t<div class=\"elementor-widget-wrap\">\n\t\t\t\t\t\t\t<\/div>\n\t\t<\/div>\n\t\t\t\t\t<\/div>\n\t\t<\/section>\n\t\t\t\t<\/div>\n\t\t","protected":false},"excerpt":{"rendered":"<p>Empres\u00e1rios e personalidades dos setores de log\u00edstica e transportes participaram do lan\u00e7amento da SEMOVE, nova marca da Fetranspor, na Associa\u00e7\u00e3o Comercial do Rio de Janeiro.&hellip;<\/p>\n","protected":false},"author":1,"featured_media":13935,"comment_status":"closed","ping_status":"closed","sticky":false,"template":"","format":"standard","meta":{"_exactmetrics_skip_tracking":false,"_exactmetrics_sitenote_active":false,"_exactmetrics_sitenote_note":"","_exactmetrics_sitenote_category":0,"footnotes":""},"categories":[10],"tags":[],"class_list":["post-13933","post","type-post","status-publish","format-standard","has-post-thumbnail","hentry","category-noticias"],"_links":{"self":[{"href":"https:\/\/acrj.org.br\/index.php\/wp-json\/wp\/v2\/posts\/13933","targetHints":{"allow":["GET"]}}],"collection":[{"href":"https:\/\/acrj.org.br\/index.php\/wp-json\/wp\/v2\/posts"}],"about":[{"href":"https:\/\/acrj.org.br\/index.php\/wp-json\/wp\/v2\/types\/post"}],"author":[{"embeddable":true,"href":"https:\/\/acrj.org.br\/index.php\/wp-json\/wp\/v2\/users\/1"}],"replies":[{"embeddable":true,"href":"https:\/\/acrj.org.br\/index.php\/wp-json\/wp\/v2\/comments?post=13933"}],"version-history":[{"count":0,"href":"https:\/\/acrj.org.br\/index.php\/wp-json\/wp\/v2\/posts\/13933\/revisions"}],"wp:featuredmedia":[{"embeddable":true,"href":"https:\/\/acrj.org.br\/index.php\/wp-json\/wp\/v2\/media\/13935"}],"wp:attachment":[{"href":"https:\/\/acrj.org.br\/index.php\/wp-json\/wp\/v2\/media?parent=13933"}],"wp:term":[{"taxonomy":"category","embeddable":true,"href":"https:\/\/acrj.org.br\/index.php\/wp-json\/wp\/v2\/categories?post=13933"},{"taxonomy":"post_tag","embeddable":true,"href":"https:\/\/acrj.org.br\/index.php\/wp-json\/wp\/v2\/tags?post=13933"}],"curies":[{"name":"wp","href":"https:\/\/api.w.org\/{rel}","templated":true}]}}