{"id":13736,"date":"2022-10-24T09:00:00","date_gmt":"2022-10-24T12:00:00","guid":{"rendered":"https:\/\/acrj.org.br\/?p=13736"},"modified":"2022-10-21T14:09:07","modified_gmt":"2022-10-21T17:09:07","slug":"acrj-apoia-o-congresso-brasileiro-de-direito-e-agronegocio","status":"publish","type":"post","link":"https:\/\/acrj.org.br\/index.php\/2022\/10\/24\/acrj-apoia-o-congresso-brasileiro-de-direito-e-agronegocio\/","title":{"rendered":"ACRJ apoia o Congresso Brasileiro de Direito e Agroneg\u00f3cio"},"content":{"rendered":"\n<p>A Escola Judicial do Paran\u00e1 (EJUD) promove, dia 8 de novembro, o <strong>2\u00ba Congresso Brasileiro de Direito e Agroneg\u00f3cio<\/strong>, a partir das 9h. O evento, que conta com o apoio institucional da Associa\u00e7\u00e3o Comercial do Rio de Janeiro, acontecer\u00e1 de forma h\u00edbrida, no Pleno do Tribunal de Justi\u00e7a do Paran\u00e1 e com transmiss\u00e3o no Youtube da EJUD (EJUD TJPR). A presidente do Conselho Empresarial de Competitividade, Ambiente de Neg\u00f3cios e Agroneg\u00f3cio da ACRJ, Irini Tsouroutsoglou, est\u00e1 coordenando o evento junto com o Desembargador Ruy Alves Henriques Filho, do TJPR.<\/p>\n\n\n\n<p>Nesta segunda edi\u00e7\u00e3o, ser\u00e3o abordados os desafios enfrentados pelo setor do agroneg\u00f3cio e a necessidade cada vez maior de profissionais da \u00e1rea com uma vis\u00e3o sist\u00eamica e multidisciplinar, onde o estudo dos Sistemas Agroindustriais, Direito e Economia se comunicam. O congresso, gratuito e com certifica\u00e7\u00e3o, contar\u00e1 com sete pain\u00e9is formados por palestrantes de renome nas tem\u00e1ticas de agroneg\u00f3cio e Direito Ambiental.<\/p>\n\n\n\n<p>As inscri\u00e7\u00f5es est\u00e3o abertas devem ser feitas <strong><a href=\"https:\/\/ead.tjpr.jus.br\/course\/view.php?id=794.\">neste link<\/a><\/strong><\/p>\n\n\n\n<p><strong>Orienta\u00e7\u00f5es para a inscri\u00e7\u00e3o:<\/strong><\/p>\n\n\n\n<p>Ap\u00f3s fazer o login, clique em <strong>&#8220;Inscreva-me<\/strong>&#8221; utilizando chave informada:<\/p>\n\n\n\n<p>Se for acompanhar presencialmente, a chave \u00e9: <strong>presencial-08NOV<\/strong><\/p>\n\n\n\n<p>Se for acompanhar pelo Youtube, a chave \u00e9: <strong>remoto-08NOV<\/strong><\/p>\n\n\n\n<p>Em caso de d\u00favidas, entrar em contato pelo whatsapp (41) 3200-4402.<\/p>\n","protected":false},"excerpt":{"rendered":"<p>A Escola Judicial do Paran\u00e1 (EJUD) promove, dia 8 de novembro, o 2\u00ba Congresso Brasileiro de Direito e Agroneg\u00f3cio, a partir das 9h. O evento,&hellip;<\/p>\n","protected":false},"author":3,"featured_media":13737,"comment_status":"closed","ping_status":"closed","sticky":false,"template":"","format":"standard","meta":{"_exactmetrics_skip_tracking":false,"_exactmetrics_sitenote_active":false,"_exactmetrics_sitenote_note":"","_exactmetrics_sitenote_category":0,"footnotes":""},"categories":[10],"tags":[],"class_list":["post-13736","post","type-post","status-publish","format-standard","has-post-thumbnail","hentry","category-noticias"],"_links":{"self":[{"href":"https:\/\/acrj.org.br\/index.php\/wp-json\/wp\/v2\/posts\/13736","targetHints":{"allow":["GET"]}}],"collection":[{"href":"https:\/\/acrj.org.br\/index.php\/wp-json\/wp\/v2\/posts"}],"about":[{"href":"https:\/\/acrj.org.br\/index.php\/wp-json\/wp\/v2\/types\/post"}],"author":[{"embeddable":true,"href":"https:\/\/acrj.org.br\/index.php\/wp-json\/wp\/v2\/users\/3"}],"replies":[{"embeddable":true,"href":"https:\/\/acrj.org.br\/index.php\/wp-json\/wp\/v2\/comments?post=13736"}],"version-history":[{"count":0,"href":"https:\/\/acrj.org.br\/index.php\/wp-json\/wp\/v2\/posts\/13736\/revisions"}],"wp:featuredmedia":[{"embeddable":true,"href":"https:\/\/acrj.org.br\/index.php\/wp-json\/wp\/v2\/media\/13737"}],"wp:attachment":[{"href":"https:\/\/acrj.org.br\/index.php\/wp-json\/wp\/v2\/media?parent=13736"}],"wp:term":[{"taxonomy":"category","embeddable":true,"href":"https:\/\/acrj.org.br\/index.php\/wp-json\/wp\/v2\/categories?post=13736"},{"taxonomy":"post_tag","embeddable":true,"href":"https:\/\/acrj.org.br\/index.php\/wp-json\/wp\/v2\/tags?post=13736"}],"curies":[{"name":"wp","href":"https:\/\/api.w.org\/{rel}","templated":true}]}}