{"id":13688,"date":"2022-10-28T18:38:00","date_gmt":"2022-10-28T21:38:00","guid":{"rendered":"https:\/\/acrj.org.br\/?p=13688"},"modified":"2022-11-03T12:40:12","modified_gmt":"2022-11-03T15:40:12","slug":"iv-congresso-internacional-cbma-de-mediacao-esta-com-inscricoes-abertas","status":"publish","type":"post","link":"https:\/\/acrj.org.br\/index.php\/2022\/10\/28\/iv-congresso-internacional-cbma-de-mediacao-esta-com-inscricoes-abertas\/","title":{"rendered":"IV Congresso Internacional CBMA de Media\u00e7\u00e3o est\u00e1 com inscri\u00e7\u00f5es abertas"},"content":{"rendered":"\n<p>J\u00e1 est\u00e3o abertas as inscri\u00e7\u00f5es para o&nbsp;<strong>IV Congresso Internacional CBMA de Media\u00e7\u00e3o<\/strong>, que ocorrer\u00e1 nos dias 10 e 11 de novembro, na sede da Firjan, no Centro do Rio de Janeiro. O evento, promovido pelo Centro Brasileiro de Media\u00e7\u00e3o e Arbitragem (CBMA), conta com o apoio institucional da Associa\u00e7\u00e3o Comercial do Rio de Janeiro e reunir\u00e1 especialistas brasileiros e convidados estrangeiros para debater o tema&nbsp;\u201c<strong>20 anos em 2: os avan\u00e7os de media\u00e7\u00e3o em per\u00edodo de pandemia\u201d.<\/strong><\/p>\n\n\n\n<p>Durante os dois dias de congresso, os palestrantes abordar\u00e3o pautas como: Media\u00e7\u00e3o e Superendividamento, Utiliza\u00e7\u00e3o da Intelig\u00eancia Artificial na Resolu\u00e7\u00e3o de Disputas e a Media\u00e7\u00e3o nas Rela\u00e7\u00f5es P\u00fablico-Privadas. Entre os palestrantes convidados est\u00e3o Colin Rule, CEO da Mediate.com; Desembargador Werson Rego; Ana Maria Gon\u00e7alves, fundadora do ICFML (Instituto de Certifica\u00e7\u00e3o e Forma\u00e7\u00e3o de Mediadores Lus\u00f3fonos); Michelle Novaes, do 15\u00ba Of\u00edcio de Notas e vice-presidente da ACRJ, entre outros.<\/p>\n\n\n\n<p>O CBMA \u00e9 uma c\u00e2mara arbitral consolidada e internacionalmente conhecida, fundada em 2002 pelas entidades ACRJ, FENASEG e FIRJAN. Seu Conselho Consultivo re\u00fane um grupo de not\u00e1veis juristas e assegura que o CBMA funcione em sintonia com os interesses dos mais diversos segmentos da economia.<\/p>\n\n\n\n<p><strong>A programa\u00e7\u00e3o do congresso e a \u00e1rea de inscri\u00e7\u00f5es est\u00e3o dispon\u00edveis<\/strong> <strong><a href=\"https:\/\/congressodemediacao.cbma.com.br\/\">aqui<\/a><\/strong> <\/p>\n\n\n\n<p><strong><u>Servi\u00e7o:<\/u><\/strong><\/p>\n\n\n\n<p><strong>Evento:&nbsp;<\/strong>IV Congresso Internacional CBMA de Media\u00e7\u00e3o<\/p>\n\n\n\n<p><strong>Data: <\/strong>10 e 11 de novembro \u2013 (quinta e sexta)<\/p>\n\n\n\n<p><strong>Local: <\/strong>Firjan &#8211; &nbsp;Av. Gra\u00e7a Aranha, 1, Centro, Rio de Janeiro<\/p>\n\n\n\n<p><strong>Informa\u00e7\u00f5es: <\/strong>2233-9974 \/ 2233-0194<\/p>\n","protected":false},"excerpt":{"rendered":"<p>J\u00e1 est\u00e3o abertas as inscri\u00e7\u00f5es para o&nbsp;IV Congresso Internacional CBMA de Media\u00e7\u00e3o, que ocorrer\u00e1 nos dias 10 e 11 de novembro, na sede da Firjan,&hellip;<\/p>\n","protected":false},"author":3,"featured_media":13708,"comment_status":"closed","ping_status":"closed","sticky":false,"template":"","format":"standard","meta":{"_exactmetrics_skip_tracking":false,"_exactmetrics_sitenote_active":false,"_exactmetrics_sitenote_note":"","_exactmetrics_sitenote_category":0,"footnotes":""},"categories":[6],"tags":[],"class_list":["post-13688","post","type-post","status-publish","format-standard","has-post-thumbnail","hentry","category-destaque_noticias"],"_links":{"self":[{"href":"https:\/\/acrj.org.br\/index.php\/wp-json\/wp\/v2\/posts\/13688","targetHints":{"allow":["GET"]}}],"collection":[{"href":"https:\/\/acrj.org.br\/index.php\/wp-json\/wp\/v2\/posts"}],"about":[{"href":"https:\/\/acrj.org.br\/index.php\/wp-json\/wp\/v2\/types\/post"}],"author":[{"embeddable":true,"href":"https:\/\/acrj.org.br\/index.php\/wp-json\/wp\/v2\/users\/3"}],"replies":[{"embeddable":true,"href":"https:\/\/acrj.org.br\/index.php\/wp-json\/wp\/v2\/comments?post=13688"}],"version-history":[{"count":0,"href":"https:\/\/acrj.org.br\/index.php\/wp-json\/wp\/v2\/posts\/13688\/revisions"}],"wp:featuredmedia":[{"embeddable":true,"href":"https:\/\/acrj.org.br\/index.php\/wp-json\/wp\/v2\/media\/13708"}],"wp:attachment":[{"href":"https:\/\/acrj.org.br\/index.php\/wp-json\/wp\/v2\/media?parent=13688"}],"wp:term":[{"taxonomy":"category","embeddable":true,"href":"https:\/\/acrj.org.br\/index.php\/wp-json\/wp\/v2\/categories?post=13688"},{"taxonomy":"post_tag","embeddable":true,"href":"https:\/\/acrj.org.br\/index.php\/wp-json\/wp\/v2\/tags?post=13688"}],"curies":[{"name":"wp","href":"https:\/\/api.w.org\/{rel}","templated":true}]}}