{"id":13671,"date":"2022-10-07T12:52:35","date_gmt":"2022-10-07T15:52:35","guid":{"rendered":"https:\/\/acrj.org.br\/?p=13671"},"modified":"2022-10-07T12:58:39","modified_gmt":"2022-10-07T15:58:39","slug":"expectativas-para-o-comercio-do-rio-nos-proximos-anos-serao-debatidas-no-sindilojas-rio","status":"publish","type":"post","link":"https:\/\/acrj.org.br\/index.php\/2022\/10\/07\/expectativas-para-o-comercio-do-rio-nos-proximos-anos-serao-debatidas-no-sindilojas-rio\/","title":{"rendered":"Debate sobre as expectativas para o Com\u00e9rcio do Rio nos pr\u00f3ximos anos"},"content":{"rendered":"\n<p>Na pr\u00f3xima quinta-feira, 13 de outubro, \u00e0s 10h, o Sindicato dos Lojistas do Com\u00e9rcio do Rio de Janeiro &#8211; SindilojasRio receber\u00e1 o secret\u00e1rio da Casa Civil do Estado no Rio de Janeiro, Nicola Miccione, que far\u00e1 uma apresenta\u00e7\u00e3o sobre o desenvolvimento econ\u00f4mico do estado, com \u00eanfase no com\u00e9rcio e as perspectivas para o setor nos pr\u00f3ximos quatro anos de governo. O evento, que tem o apoio da Associa\u00e7\u00e3o Comercial do Rio de Janeiro, contar\u00e1, ainda com representantes da Caixa Econ\u00f4mica Federal, que ir\u00e3o apresentar e explicar as linhas de cr\u00e9dito para micro e pequenos empres\u00e1rios. Para o presidente do SindilojasRio, Aldo Gon\u00e7alves, tamb\u00e9m Benem\u00e9rito da ACRJ, ser\u00e1 uma excelente oportunidade para os lojistas trazerem as suas demandas e ouvirem, em primeira m\u00e3o, os planos da nova gest\u00e3o estadual para o com\u00e9rcio do Rio.\u00a0<\/p>\n\n\n\n<p>Miccione \u00e9 tamb\u00e9m secret\u00e1rio de Justi\u00e7a do Estado do RJ, advogado especialista em direito empresarial, com MBA em Gest\u00e3o de Empresas FIA-USP. Funcion\u00e1rio de carreira e ex-diretor de Controle e Risco &#8211; CRO do Banco do Nordeste do Brasil S\/A e membro do Instituto Brasileiro de Governan\u00e7a Corporativa \u2013 IBGC, ele integra ainda o Conselho de Governan\u00e7a e Compliance da Associa\u00e7\u00e3o Comercial.<\/p>\n\n\n\n<p>O evento, aberto aos lojistas do Rio, gestores e profissionais do com\u00e9rcio em geral e representantes do setor, \u00e9 gratuito e ser\u00e1 realizado no audit\u00f3rio do SindilojasRio, na Rua da Quitanda, n\u00ba 3\/ 10\u00ba andar, Centro.\u00a0As inscri\u00e7\u00f5es devem ser feitas pelo WhatsApp (21) 98552-1822, pelo e-mail <a href=\"mailto:comunicacao@sindilojas-rio.com.br\" target=\"_blank\" rel=\"noreferrer noopener\">comunicacao@sindilojas-rio.com.br<\/a> ou pelo telefone 2217-5096.<\/p>\n","protected":false},"excerpt":{"rendered":"<p>Na pr\u00f3xima quinta-feira, 13 de outubro, \u00e0s 10h, o Sindicato dos Lojistas do Com\u00e9rcio do Rio de Janeiro &#8211; SindilojasRio receber\u00e1 o secret\u00e1rio da Casa&hellip;<\/p>\n","protected":false},"author":3,"featured_media":13672,"comment_status":"closed","ping_status":"closed","sticky":false,"template":"","format":"standard","meta":{"_exactmetrics_skip_tracking":false,"_exactmetrics_sitenote_active":false,"_exactmetrics_sitenote_note":"","_exactmetrics_sitenote_category":0,"footnotes":""},"categories":[10],"tags":[],"class_list":["post-13671","post","type-post","status-publish","format-standard","has-post-thumbnail","hentry","category-noticias"],"_links":{"self":[{"href":"https:\/\/acrj.org.br\/index.php\/wp-json\/wp\/v2\/posts\/13671","targetHints":{"allow":["GET"]}}],"collection":[{"href":"https:\/\/acrj.org.br\/index.php\/wp-json\/wp\/v2\/posts"}],"about":[{"href":"https:\/\/acrj.org.br\/index.php\/wp-json\/wp\/v2\/types\/post"}],"author":[{"embeddable":true,"href":"https:\/\/acrj.org.br\/index.php\/wp-json\/wp\/v2\/users\/3"}],"replies":[{"embeddable":true,"href":"https:\/\/acrj.org.br\/index.php\/wp-json\/wp\/v2\/comments?post=13671"}],"version-history":[{"count":0,"href":"https:\/\/acrj.org.br\/index.php\/wp-json\/wp\/v2\/posts\/13671\/revisions"}],"wp:featuredmedia":[{"embeddable":true,"href":"https:\/\/acrj.org.br\/index.php\/wp-json\/wp\/v2\/media\/13672"}],"wp:attachment":[{"href":"https:\/\/acrj.org.br\/index.php\/wp-json\/wp\/v2\/media?parent=13671"}],"wp:term":[{"taxonomy":"category","embeddable":true,"href":"https:\/\/acrj.org.br\/index.php\/wp-json\/wp\/v2\/categories?post=13671"},{"taxonomy":"post_tag","embeddable":true,"href":"https:\/\/acrj.org.br\/index.php\/wp-json\/wp\/v2\/tags?post=13671"}],"curies":[{"name":"wp","href":"https:\/\/api.w.org\/{rel}","templated":true}]}}