{"id":13650,"date":"2022-10-06T08:42:04","date_gmt":"2022-10-06T11:42:04","guid":{"rendered":"https:\/\/acrj.org.br\/?p=13650"},"modified":"2022-10-06T08:49:23","modified_gmt":"2022-10-06T11:49:23","slug":"acrj-participa-de-assembleia-geral-da-oea","status":"publish","type":"post","link":"https:\/\/acrj.org.br\/index.php\/2022\/10\/06\/acrj-participa-de-assembleia-geral-da-oea\/","title":{"rendered":"ACRJ participa de Assembleia Geral da OEA, em Lima"},"content":{"rendered":"\n<p>A Associa\u00e7\u00e3o Comercial do Rio de Janeiro participa da Assembleia Geral da Organiza\u00e7\u00e3o dos Estados Americanos (OEA), que est\u00e1 acontecendo na primeira semana de outubro, em Lima, no Peru. Durante o evento, haver\u00e1 um &#8220;Di\u00e1logo&#8221; apenas com l\u00edderes da sociedade civil e representantes oficiais dos pa\u00edses.<\/p>\n\n\n\n<p>A ACRJ estar\u00e1 representada pelo seu vice-presidente Pedro Rafael, que tamb\u00e9m \u00e9 presidente do Conselho Empresarial de Jovens da institui\u00e7\u00e3o.<\/p>\n\n\n<div class=\"wp-block-image is-style-default\">\n<figure class=\"alignleft size-large is-resized\"><img fetchpriority=\"high\" decoding=\"async\" src=\"https:\/\/acrj.org.br\/wp-content\/uploads\/2022\/10\/Pedro-rafael-e-ministro-da-Relacoes-Exteriores-da-Guatemala_reuniao-OEA_out22-766x1024.jpg\" alt=\"\" class=\"wp-image-13651\" width=\"219\" height=\"293\" srcset=\"https:\/\/acrj.org.br\/wp-content\/uploads\/2022\/10\/Pedro-rafael-e-ministro-da-Relacoes-Exteriores-da-Guatemala_reuniao-OEA_out22-766x1024.jpg 766w, https:\/\/acrj.org.br\/wp-content\/uploads\/2022\/10\/Pedro-rafael-e-ministro-da-Relacoes-Exteriores-da-Guatemala_reuniao-OEA_out22-600x802.jpg 600w, https:\/\/acrj.org.br\/wp-content\/uploads\/2022\/10\/Pedro-rafael-e-ministro-da-Relacoes-Exteriores-da-Guatemala_reuniao-OEA_out22-225x300.jpg 225w, https:\/\/acrj.org.br\/wp-content\/uploads\/2022\/10\/Pedro-rafael-e-ministro-da-Relacoes-Exteriores-da-Guatemala_reuniao-OEA_out22-768x1026.jpg 768w, https:\/\/acrj.org.br\/wp-content\/uploads\/2022\/10\/Pedro-rafael-e-ministro-da-Relacoes-Exteriores-da-Guatemala_reuniao-OEA_out22.jpg 958w\" sizes=\"(max-width: 219px) 100vw, 219px\" \/><figcaption>Pedro Rafael se encontrou com o ministro das Rela\u00e7\u00f5es Exteriores da Guatemala, Mario B\u00facaro<\/figcaption><\/figure>\n<\/div>","protected":false},"excerpt":{"rendered":"<p>A Associa\u00e7\u00e3o Comercial do Rio de Janeiro participa da Assembleia Geral da Organiza\u00e7\u00e3o dos Estados Americanos (OEA), que est\u00e1 acontecendo na primeira semana de outubro,&hellip;<\/p>\n","protected":false},"author":3,"featured_media":13659,"comment_status":"closed","ping_status":"closed","sticky":false,"template":"","format":"standard","meta":{"_exactmetrics_skip_tracking":false,"_exactmetrics_sitenote_active":false,"_exactmetrics_sitenote_note":"","_exactmetrics_sitenote_category":0,"footnotes":""},"categories":[10],"tags":[],"class_list":["post-13650","post","type-post","status-publish","format-standard","has-post-thumbnail","hentry","category-noticias"],"_links":{"self":[{"href":"https:\/\/acrj.org.br\/index.php\/wp-json\/wp\/v2\/posts\/13650","targetHints":{"allow":["GET"]}}],"collection":[{"href":"https:\/\/acrj.org.br\/index.php\/wp-json\/wp\/v2\/posts"}],"about":[{"href":"https:\/\/acrj.org.br\/index.php\/wp-json\/wp\/v2\/types\/post"}],"author":[{"embeddable":true,"href":"https:\/\/acrj.org.br\/index.php\/wp-json\/wp\/v2\/users\/3"}],"replies":[{"embeddable":true,"href":"https:\/\/acrj.org.br\/index.php\/wp-json\/wp\/v2\/comments?post=13650"}],"version-history":[{"count":0,"href":"https:\/\/acrj.org.br\/index.php\/wp-json\/wp\/v2\/posts\/13650\/revisions"}],"wp:featuredmedia":[{"embeddable":true,"href":"https:\/\/acrj.org.br\/index.php\/wp-json\/wp\/v2\/media\/13659"}],"wp:attachment":[{"href":"https:\/\/acrj.org.br\/index.php\/wp-json\/wp\/v2\/media?parent=13650"}],"wp:term":[{"taxonomy":"category","embeddable":true,"href":"https:\/\/acrj.org.br\/index.php\/wp-json\/wp\/v2\/categories?post=13650"},{"taxonomy":"post_tag","embeddable":true,"href":"https:\/\/acrj.org.br\/index.php\/wp-json\/wp\/v2\/tags?post=13650"}],"curies":[{"name":"wp","href":"https:\/\/api.w.org\/{rel}","templated":true}]}}