{"id":13625,"date":"2022-10-05T12:11:05","date_gmt":"2022-10-05T15:11:05","guid":{"rendered":"https:\/\/acrj.org.br\/?p=13625"},"modified":"2022-10-21T11:53:55","modified_gmt":"2022-10-21T14:53:55","slug":"acrj-vai-debater-os-10-anos-da-lei-de-transparencia","status":"publish","type":"post","link":"https:\/\/acrj.org.br\/index.php\/2022\/10\/05\/acrj-vai-debater-os-10-anos-da-lei-de-transparencia\/","title":{"rendered":"ACRJ vai debater os 10 anos da Lei de Transpar\u00eancia"},"content":{"rendered":"\n<p>O Conselho Empresarial de Governan\u00e7a, Compliance e Diversidade da ACRJ vai debater os 10 anos da Lei de Acesso \u00e0 Informa\u00e7\u00e3o durante o semin\u00e1rio que ser\u00e1 realizado dia 21 de outubro, \u00e0s 10h. Esta legisla\u00e7\u00e3o definiu as regras para divulga\u00e7\u00e3o e entrega dos dados solicitados \u00e0 administra\u00e7\u00e3o p\u00fablica pelos cidad\u00e3os, garantindo a transpar\u00eancia das informa\u00e7\u00f5es a serem prestadas.<\/p>\n\n\n\n<p>O debate ser\u00e1 coordenado pelo presidente do Conselho, Humberto Mota Filho, e ter\u00e1 a participa\u00e7\u00e3o do presidente da OAB RJ, Luciano Bandeira, do presidente da Comiss\u00e3o de \u00c9tica P\u00fablica, Antonio Carlos N\u00f3brega, e do chefe do Departamento de Consultoria Jur\u00eddica do BNDES, Marcus Vinicius Noronha da Silva.<\/p>\n\n\n\n<p>O encontro ser\u00e1 realizado pela plataforma Zoom. <strong><a href=\"https:\/\/us06web.zoom.us\/meeting\/register\/tZctf-mtrz8sGtWvhugO6xWHmry9cnYwX54K\">Inscri\u00e7\u00f5es aqui<\/a><\/strong><\/p>\n","protected":false},"excerpt":{"rendered":"<p>O Conselho Empresarial de Governan\u00e7a, Compliance e Diversidade da ACRJ vai debater os 10 anos da Lei de Acesso \u00e0 Informa\u00e7\u00e3o durante o semin\u00e1rio que&hellip;<\/p>\n","protected":false},"author":3,"featured_media":13792,"comment_status":"closed","ping_status":"closed","sticky":false,"template":"","format":"standard","meta":{"_exactmetrics_skip_tracking":false,"_exactmetrics_sitenote_active":false,"_exactmetrics_sitenote_note":"","_exactmetrics_sitenote_category":0,"footnotes":""},"categories":[10],"tags":[],"class_list":["post-13625","post","type-post","status-publish","format-standard","has-post-thumbnail","hentry","category-noticias"],"_links":{"self":[{"href":"https:\/\/acrj.org.br\/index.php\/wp-json\/wp\/v2\/posts\/13625","targetHints":{"allow":["GET"]}}],"collection":[{"href":"https:\/\/acrj.org.br\/index.php\/wp-json\/wp\/v2\/posts"}],"about":[{"href":"https:\/\/acrj.org.br\/index.php\/wp-json\/wp\/v2\/types\/post"}],"author":[{"embeddable":true,"href":"https:\/\/acrj.org.br\/index.php\/wp-json\/wp\/v2\/users\/3"}],"replies":[{"embeddable":true,"href":"https:\/\/acrj.org.br\/index.php\/wp-json\/wp\/v2\/comments?post=13625"}],"version-history":[{"count":0,"href":"https:\/\/acrj.org.br\/index.php\/wp-json\/wp\/v2\/posts\/13625\/revisions"}],"wp:featuredmedia":[{"embeddable":true,"href":"https:\/\/acrj.org.br\/index.php\/wp-json\/wp\/v2\/media\/13792"}],"wp:attachment":[{"href":"https:\/\/acrj.org.br\/index.php\/wp-json\/wp\/v2\/media?parent=13625"}],"wp:term":[{"taxonomy":"category","embeddable":true,"href":"https:\/\/acrj.org.br\/index.php\/wp-json\/wp\/v2\/categories?post=13625"},{"taxonomy":"post_tag","embeddable":true,"href":"https:\/\/acrj.org.br\/index.php\/wp-json\/wp\/v2\/tags?post=13625"}],"curies":[{"name":"wp","href":"https:\/\/api.w.org\/{rel}","templated":true}]}}