{"id":13604,"date":"2022-10-05T11:19:01","date_gmt":"2022-10-05T14:19:01","guid":{"rendered":"https:\/\/acrj.org.br\/?p=13604"},"modified":"2022-10-05T12:13:14","modified_gmt":"2022-10-05T15:13:14","slug":"comandante-militar-do-leste-e-recebido-na-acrj","status":"publish","type":"post","link":"https:\/\/acrj.org.br\/index.php\/2022\/10\/05\/comandante-militar-do-leste-e-recebido-na-acrj\/","title":{"rendered":"Comandante Militar do Leste \u00e9 recebido na ACRJ"},"content":{"rendered":"\n<p>\u200bO comandante militar do Leste, general de Ex\u00e9rcito\u200b, \u200bAndr\u00e9 Luis Novaes Miranda\u200b, visitou a Associa\u00e7\u00e3o Comercial do Rio de Janeiro, dia 4\/10, e foi recebido pelo presidente da ACRJ,\u00a0Jos\u00e9\u00a0Antonio do Nascimento Brito. \u200bO general esteve acompanhado dos\u00a0\u200bassessor\u200bes\u200b de Rela\u00e7\u00f5es Institucionais do Comando Militar do Leste\u200b,\u200b g\u200beneral de Brigada\u200b \u200bErnesto de Lima Gil\u200b e coronel Willian S. Pereira\u200b; e \u200bdo \u200b\u200bassistente do Comandante Militar do Leste\u200b, coronel F\u00e1bio Cordeiro Pacheco\u200b.<\/p>\n\n\n\n<p>Na oportunidade, o presidente Jos\u00e9 Antonio presenteou o comandante com o livro &#8220;Mau\u00e1, empres\u00e1rio do Imp\u00e9rio&#8221;, de Jorge Caldeira, que mostra a trajet\u00f3ria do empreendedor Irineu Evangelista de Sousa, o Visconde de Mau\u00e1, terceiro presidente da ACRJ. E recebeu do\u00a0general \u200bAndr\u00e9 Luis Novaes Miranda\u200b o fotolivro &#8220;Comando Militar do Leste&#8221;.<\/p>\n\n\n\n<p>Tamb\u00e9m participaram do encontro, os integrantes da diretoria da ACRJ,&nbsp;\u200b\u200bAureo Salles de Barros,&nbsp;\u200bdiretor-secret\u00e1rio do Conselho Superior; H\u00e9lio Paulo Ferraz,&nbsp; 1\u00ba vice-presidente e vice-presidente Financeiro, Administrativo e Patrim\u00f4nio; Daniel Homem de Carvalho, vice-presidente Jur\u00eddico; Aldo Carlos de Moura Gon\u00e7alves e Pedro Ernesto Mariano de Azevedo, Benem\u00e9ritos; e Licio Ara\u00fajo, vice-presidente.<\/p>\n\n\n\n<figure class=\"wp-block-gallery has-nested-images columns-2 is-cropped wp-block-gallery-1 is-layout-flex wp-block-gallery-is-layout-flex\">\n<figure class=\"wp-block-image size-full\"><img fetchpriority=\"high\" decoding=\"async\" width=\"1280\" height=\"960\" data-id=\"13606\" src=\"https:\/\/acrj.org.br\/wp-content\/uploads\/2022\/10\/IMG-20221004-WA0041.jpg\" alt=\"\" class=\"wp-image-13606\" srcset=\"https:\/\/acrj.org.br\/wp-content\/uploads\/2022\/10\/IMG-20221004-WA0041.jpg 1280w, https:\/\/acrj.org.br\/wp-content\/uploads\/2022\/10\/IMG-20221004-WA0041-600x450.jpg 600w, https:\/\/acrj.org.br\/wp-content\/uploads\/2022\/10\/IMG-20221004-WA0041-300x225.jpg 300w, https:\/\/acrj.org.br\/wp-content\/uploads\/2022\/10\/IMG-20221004-WA0041-1024x768.jpg 1024w, https:\/\/acrj.org.br\/wp-content\/uploads\/2022\/10\/IMG-20221004-WA0041-768x576.jpg 768w\" sizes=\"(max-width: 1280px) 100vw, 1280px\" \/><figcaption>A comitiva do Comando Militar do Leste com a diretoria da ACRJ<\/figcaption><\/figure>\n\n\n\n<figure class=\"wp-block-image size-full\"><img decoding=\"async\" width=\"1600\" height=\"1200\" data-id=\"13607\" src=\"https:\/\/acrj.org.br\/wp-content\/uploads\/2022\/10\/IMG-20221004-WA0046.jpg\" alt=\"\" class=\"wp-image-13607\" srcset=\"https:\/\/acrj.org.br\/wp-content\/uploads\/2022\/10\/IMG-20221004-WA0046.jpg 1600w, https:\/\/acrj.org.br\/wp-content\/uploads\/2022\/10\/IMG-20221004-WA0046-600x450.jpg 600w, https:\/\/acrj.org.br\/wp-content\/uploads\/2022\/10\/IMG-20221004-WA0046-300x225.jpg 300w, https:\/\/acrj.org.br\/wp-content\/uploads\/2022\/10\/IMG-20221004-WA0046-1024x768.jpg 1024w, https:\/\/acrj.org.br\/wp-content\/uploads\/2022\/10\/IMG-20221004-WA0046-768x576.jpg 768w, https:\/\/acrj.org.br\/wp-content\/uploads\/2022\/10\/IMG-20221004-WA0046-1536x1152.jpg 1536w\" sizes=\"(max-width: 1600px) 100vw, 1600px\" \/><figcaption>Comandante entrega o fotolivro ao presidente Jos\u00e9 Antonio<\/figcaption><\/figure>\n<\/figure>\n","protected":false},"excerpt":{"rendered":"<p>\u200bO comandante militar do Leste, general de Ex\u00e9rcito\u200b, \u200bAndr\u00e9 Luis Novaes Miranda\u200b, visitou a Associa\u00e7\u00e3o Comercial do Rio de Janeiro, dia 4\/10, e foi recebido&hellip;<\/p>\n","protected":false},"author":3,"featured_media":13605,"comment_status":"closed","ping_status":"closed","sticky":false,"template":"","format":"standard","meta":{"_exactmetrics_skip_tracking":false,"_exactmetrics_sitenote_active":false,"_exactmetrics_sitenote_note":"","_exactmetrics_sitenote_category":0,"footnotes":""},"categories":[10],"tags":[],"class_list":["post-13604","post","type-post","status-publish","format-standard","has-post-thumbnail","hentry","category-noticias"],"_links":{"self":[{"href":"https:\/\/acrj.org.br\/index.php\/wp-json\/wp\/v2\/posts\/13604","targetHints":{"allow":["GET"]}}],"collection":[{"href":"https:\/\/acrj.org.br\/index.php\/wp-json\/wp\/v2\/posts"}],"about":[{"href":"https:\/\/acrj.org.br\/index.php\/wp-json\/wp\/v2\/types\/post"}],"author":[{"embeddable":true,"href":"https:\/\/acrj.org.br\/index.php\/wp-json\/wp\/v2\/users\/3"}],"replies":[{"embeddable":true,"href":"https:\/\/acrj.org.br\/index.php\/wp-json\/wp\/v2\/comments?post=13604"}],"version-history":[{"count":0,"href":"https:\/\/acrj.org.br\/index.php\/wp-json\/wp\/v2\/posts\/13604\/revisions"}],"wp:featuredmedia":[{"embeddable":true,"href":"https:\/\/acrj.org.br\/index.php\/wp-json\/wp\/v2\/media\/13605"}],"wp:attachment":[{"href":"https:\/\/acrj.org.br\/index.php\/wp-json\/wp\/v2\/media?parent=13604"}],"wp:term":[{"taxonomy":"category","embeddable":true,"href":"https:\/\/acrj.org.br\/index.php\/wp-json\/wp\/v2\/categories?post=13604"},{"taxonomy":"post_tag","embeddable":true,"href":"https:\/\/acrj.org.br\/index.php\/wp-json\/wp\/v2\/tags?post=13604"}],"curies":[{"name":"wp","href":"https:\/\/api.w.org\/{rel}","templated":true}]}}