{"id":13599,"date":"2022-10-04T11:28:26","date_gmt":"2022-10-04T14:28:26","guid":{"rendered":"https:\/\/acrj.org.br\/?p=13599"},"modified":"2022-10-04T16:28:19","modified_gmt":"2022-10-04T19:28:19","slug":"coletanea-sobre-os-200-anos-da-independencia-do-brasil-sera-lancada-na-abl","status":"publish","type":"post","link":"https:\/\/acrj.org.br\/index.php\/2022\/10\/04\/coletanea-sobre-os-200-anos-da-independencia-do-brasil-sera-lancada-na-abl\/","title":{"rendered":"Colet\u00e2nea sobre os 200 anos da Independ\u00eancia do Brasil ser\u00e1 lan\u00e7ada na ABL"},"content":{"rendered":"\n<p>\u200bNo dia 14 de outubro ser\u00e1 lan\u00e7ado o livro \u201c200 Anos de Independ\u00eancia \u2013 das margens do Ipiranga \u00e0 margem da sociedade\u201d, organizado pelo presidente do INAC (Instituto N\u00e3o Aceito Corrup\u00e7\u00e3o), Roberto Livianu, e pela professora de Ci\u00eancia Pol\u00edtica da UNESP (Universidade Estadual Paulista), Rita Biason, cofundadora do Instituto. O lan\u00e7amento conta com o apoio institucional da Associa\u00e7\u00e3o Comercial do Rio de Janeiro e acontecer\u00e1 na sede da Academia Brasileira de Letras, \u00e0s 17h.<\/p>\n\n\n\n<p>Durante o evento ser\u00e1 promovida uma mesa de debates, mediada pelo escritor Pedro Salom\u00e3o, com a participa\u00e7\u00e3o do presidente da ABL, Merval Pereira, e do Coordenador do Grupo de Pesquisa \u00c9tica da Tecnologia, Davi Lago, autores de artigos do livro. A obra foi produzida pela editora Quartier Latin e re\u00fane artigos de outros especialistas, como o professor Gonzalo Vecina Neto, o ex-ministro da Educa\u00e7\u00e3o e atual presidente da SBPC, Renato Janine Ribeiro, entre outros intelectuais brasileiros.<\/p>\n\n\n\n<p>O evento \u00e9 gratuito e aberto ao p\u00fablico. A ABL fica na Avenida Presidente Wilson, 203, Centro do Rio de Janeiro. <\/p>\n","protected":false},"excerpt":{"rendered":"<p>\u200bNo dia 14 de outubro ser\u00e1 lan\u00e7ado o livro \u201c200 Anos de Independ\u00eancia \u2013 das margens do Ipiranga \u00e0 margem da sociedade\u201d, organizado pelo presidente&hellip;<\/p>\n","protected":false},"author":3,"featured_media":13586,"comment_status":"closed","ping_status":"closed","sticky":false,"template":"","format":"standard","meta":{"_exactmetrics_skip_tracking":false,"_exactmetrics_sitenote_active":false,"_exactmetrics_sitenote_note":"","_exactmetrics_sitenote_category":0,"footnotes":""},"categories":[10],"tags":[],"class_list":["post-13599","post","type-post","status-publish","format-standard","has-post-thumbnail","hentry","category-noticias"],"_links":{"self":[{"href":"https:\/\/acrj.org.br\/index.php\/wp-json\/wp\/v2\/posts\/13599","targetHints":{"allow":["GET"]}}],"collection":[{"href":"https:\/\/acrj.org.br\/index.php\/wp-json\/wp\/v2\/posts"}],"about":[{"href":"https:\/\/acrj.org.br\/index.php\/wp-json\/wp\/v2\/types\/post"}],"author":[{"embeddable":true,"href":"https:\/\/acrj.org.br\/index.php\/wp-json\/wp\/v2\/users\/3"}],"replies":[{"embeddable":true,"href":"https:\/\/acrj.org.br\/index.php\/wp-json\/wp\/v2\/comments?post=13599"}],"version-history":[{"count":0,"href":"https:\/\/acrj.org.br\/index.php\/wp-json\/wp\/v2\/posts\/13599\/revisions"}],"wp:featuredmedia":[{"embeddable":true,"href":"https:\/\/acrj.org.br\/index.php\/wp-json\/wp\/v2\/media\/13586"}],"wp:attachment":[{"href":"https:\/\/acrj.org.br\/index.php\/wp-json\/wp\/v2\/media?parent=13599"}],"wp:term":[{"taxonomy":"category","embeddable":true,"href":"https:\/\/acrj.org.br\/index.php\/wp-json\/wp\/v2\/categories?post=13599"},{"taxonomy":"post_tag","embeddable":true,"href":"https:\/\/acrj.org.br\/index.php\/wp-json\/wp\/v2\/tags?post=13599"}],"curies":[{"name":"wp","href":"https:\/\/api.w.org\/{rel}","templated":true}]}}