{"id":13473,"date":"2022-09-21T12:29:57","date_gmt":"2022-09-21T15:29:57","guid":{"rendered":"https:\/\/acrj.org.br\/?p=13473"},"modified":"2022-09-22T16:22:10","modified_gmt":"2022-09-22T19:22:10","slug":"assembleia-geral-ordinaria-da-acrj-sera-realizada-dia-29-de-setembro","status":"publish","type":"post","link":"https:\/\/acrj.org.br\/index.php\/2022\/09\/21\/assembleia-geral-ordinaria-da-acrj-sera-realizada-dia-29-de-setembro\/","title":{"rendered":"Assembleia Geral da ACRJ ser\u00e1 realizada dia 29 de setembro"},"content":{"rendered":"\n<p>De conformidade com os Arts 8\u00ba, 27 e 28, inciso II, \u00a7 1\u00ba, 2\u00ba, 3\u00ba e 4\u00ba do Estatuto desta Entidade, convoco os Srs. Associados Grandes Benem\u00e9ritos, Benem\u00e9ritos, Remidos e Contribuintes quites, em pleno gozo de seus direitos sociais, a se reunirem em ASSEMBLEIA GERAL ORDIN\u00c1RIA a ser realizada no&nbsp;<strong>dia 29 de setembro de 2022 (quinta-feira), \u00e0s 14h, em primeira convoca\u00e7\u00e3o e \u00e0s 15h, em segunda e \u00faltima convoca\u00e7\u00e3o<\/strong>,&nbsp;<strong>na modalidade virtual<\/strong>, conforme preceitua o art. 4\u00ba, Par\u00e1grafo \u00danico, da Lei 14.309\/2022, que permite a realiza\u00e7\u00e3o de reuni\u00f5es e delibera\u00e7\u00f5es virtuais pelas organiza\u00e7\u00f5es da sociedade civil, a fim de deliberarem sobre os seguintes assuntos:<\/p>\n\n\n\n<p>a)\u00a0Aprecia\u00e7\u00e3o do Relat\u00f3rio da Presid\u00eancia;<\/p>\n\n\n\n<p>b) Demonstra\u00e7\u00f5es Financeiras e Parecer do Conselho Fiscal, relativos ao exerc\u00edcio de 01\/07\/2021 a 30\/06\/2022;<\/p>\n\n\n\n<p>c) Homologa\u00e7\u00e3o dos t\u00edtulos de Grande Benem\u00e9rito (a) a(o) Associado (a) e Benem\u00e9rito (a) \u00a0Angela Maria Machado da Costa e Benjamim Nas\u00e1rio Fernandes Filho.<\/p>\n\n\n\n<p>Para tomarem parte na Assembleia que ser\u00e1 realizada por meio de WEBINAR\/ZOOM os Srs. Associados dever\u00e3o acessar a plataforma atrav\u00e9s do convite que foi enviado por e-mail. O Departamento de Associados e a Secretaria Geral estar\u00e3o \u00e0 disposi\u00e7\u00e3o para eventuais esclarecimentos sobre regularidade, participa\u00e7\u00e3o e acesso ao WEBINAR.<\/p>\n\n\n\n<p>A manifesta\u00e7\u00e3o dos Associados na data da reuni\u00e3o ocorrer\u00e1 por meio da plataforma virtual, acessando o Q&amp;A ou por e-mail&nbsp;<a href=\"mailto:secretariageral@acrj.org.br\">secretariageral@acrj.org.br<\/a>&nbsp;ou&nbsp;<a href=\"mailto:agenda.presidente@acrj.org.br\">agenda.presidente@acrj.org.br<\/a>&nbsp;ou pelos tels. 21 2514-1250 \/ 1242.<\/p>\n\n\n\n<p><strong>Jos\u00e9 Antonio do Nascimento Brito<\/strong><\/p>\n\n\n\n<p><strong>Presidente<\/strong><\/p>\n","protected":false},"excerpt":{"rendered":"<p>De conformidade com os Arts 8\u00ba, 27 e 28, inciso II, \u00a7 1\u00ba, 2\u00ba, 3\u00ba e 4\u00ba do Estatuto desta Entidade, convoco os Srs. Associados&hellip;<\/p>\n","protected":false},"author":3,"featured_media":9282,"comment_status":"closed","ping_status":"open","sticky":false,"template":"","format":"standard","meta":{"_exactmetrics_skip_tracking":false,"_exactmetrics_sitenote_active":false,"_exactmetrics_sitenote_note":"","_exactmetrics_sitenote_category":0,"footnotes":""},"categories":[10],"tags":[],"class_list":["post-13473","post","type-post","status-publish","format-standard","has-post-thumbnail","hentry","category-noticias"],"_links":{"self":[{"href":"https:\/\/acrj.org.br\/index.php\/wp-json\/wp\/v2\/posts\/13473","targetHints":{"allow":["GET"]}}],"collection":[{"href":"https:\/\/acrj.org.br\/index.php\/wp-json\/wp\/v2\/posts"}],"about":[{"href":"https:\/\/acrj.org.br\/index.php\/wp-json\/wp\/v2\/types\/post"}],"author":[{"embeddable":true,"href":"https:\/\/acrj.org.br\/index.php\/wp-json\/wp\/v2\/users\/3"}],"replies":[{"embeddable":true,"href":"https:\/\/acrj.org.br\/index.php\/wp-json\/wp\/v2\/comments?post=13473"}],"version-history":[{"count":0,"href":"https:\/\/acrj.org.br\/index.php\/wp-json\/wp\/v2\/posts\/13473\/revisions"}],"wp:featuredmedia":[{"embeddable":true,"href":"https:\/\/acrj.org.br\/index.php\/wp-json\/wp\/v2\/media\/9282"}],"wp:attachment":[{"href":"https:\/\/acrj.org.br\/index.php\/wp-json\/wp\/v2\/media?parent=13473"}],"wp:term":[{"taxonomy":"category","embeddable":true,"href":"https:\/\/acrj.org.br\/index.php\/wp-json\/wp\/v2\/categories?post=13473"},{"taxonomy":"post_tag","embeddable":true,"href":"https:\/\/acrj.org.br\/index.php\/wp-json\/wp\/v2\/tags?post=13473"}],"curies":[{"name":"wp","href":"https:\/\/api.w.org\/{rel}","templated":true}]}}