{"id":13418,"date":"2022-09-19T13:20:04","date_gmt":"2022-09-19T16:20:04","guid":{"rendered":"https:\/\/acrj.org.br\/?p=13418"},"modified":"2022-09-21T16:14:27","modified_gmt":"2022-09-21T19:14:27","slug":"nova-presidente-da-caixa-participara-do-almoco-do-empresario-na-acrj","status":"publish","type":"post","link":"https:\/\/acrj.org.br\/index.php\/2022\/09\/19\/nova-presidente-da-caixa-participara-do-almoco-do-empresario-na-acrj\/","title":{"rendered":"Presidente da Caixa participar\u00e1 do Almo\u00e7o do Empres\u00e1rio na ACRJ"},"content":{"rendered":"\n<p>A Associa\u00e7\u00e3o Comercial do Rio de Janeiro vai receber, dia 22 de setembro, a presidente da Caixa, Daniella Marques, que participa do Almo\u00e7o do Empres\u00e1rio. Ela far\u00e1 uma palestra sobre a atua\u00e7\u00e3o da Caixa no acesso ao cr\u00e9dito para fomentar a gera\u00e7\u00e3o de mais empregos e renda e o seu papel como operadora dos programas sociais do Governo Federal. O evento acontecer\u00e1 na sede da ACRJ.<\/p>\n\n\n\n<p>Informa\u00e7\u00f5es pelos telefones: 2514-1280\/\/1206\/\/1208<\/p>\n","protected":false},"excerpt":{"rendered":"<p>A Associa\u00e7\u00e3o Comercial do Rio de Janeiro vai receber, dia 22 de setembro, a presidente da Caixa, Daniella Marques, que participa do Almo\u00e7o do Empres\u00e1rio.&hellip;<\/p>\n","protected":false},"author":1,"featured_media":13478,"comment_status":"closed","ping_status":"closed","sticky":false,"template":"","format":"standard","meta":{"_exactmetrics_skip_tracking":false,"_exactmetrics_sitenote_active":false,"_exactmetrics_sitenote_note":"","_exactmetrics_sitenote_category":0,"footnotes":""},"categories":[6],"tags":[],"class_list":["post-13418","post","type-post","status-publish","format-standard","has-post-thumbnail","hentry","category-destaque_noticias"],"_links":{"self":[{"href":"https:\/\/acrj.org.br\/index.php\/wp-json\/wp\/v2\/posts\/13418","targetHints":{"allow":["GET"]}}],"collection":[{"href":"https:\/\/acrj.org.br\/index.php\/wp-json\/wp\/v2\/posts"}],"about":[{"href":"https:\/\/acrj.org.br\/index.php\/wp-json\/wp\/v2\/types\/post"}],"author":[{"embeddable":true,"href":"https:\/\/acrj.org.br\/index.php\/wp-json\/wp\/v2\/users\/1"}],"replies":[{"embeddable":true,"href":"https:\/\/acrj.org.br\/index.php\/wp-json\/wp\/v2\/comments?post=13418"}],"version-history":[{"count":0,"href":"https:\/\/acrj.org.br\/index.php\/wp-json\/wp\/v2\/posts\/13418\/revisions"}],"wp:featuredmedia":[{"embeddable":true,"href":"https:\/\/acrj.org.br\/index.php\/wp-json\/wp\/v2\/media\/13478"}],"wp:attachment":[{"href":"https:\/\/acrj.org.br\/index.php\/wp-json\/wp\/v2\/media?parent=13418"}],"wp:term":[{"taxonomy":"category","embeddable":true,"href":"https:\/\/acrj.org.br\/index.php\/wp-json\/wp\/v2\/categories?post=13418"},{"taxonomy":"post_tag","embeddable":true,"href":"https:\/\/acrj.org.br\/index.php\/wp-json\/wp\/v2\/tags?post=13418"}],"curies":[{"name":"wp","href":"https:\/\/api.w.org\/{rel}","templated":true}]}}