{"id":13377,"date":"2022-09-12T16:16:52","date_gmt":"2022-09-12T19:16:52","guid":{"rendered":"https:\/\/acrj.org.br\/?p=13377"},"modified":"2022-09-12T16:19:13","modified_gmt":"2022-09-12T19:19:13","slug":"ministro-paulo-guedes-fara-palestra-na-associacao-comercial","status":"publish","type":"post","link":"https:\/\/acrj.org.br\/index.php\/2022\/09\/12\/ministro-paulo-guedes-fara-palestra-na-associacao-comercial\/","title":{"rendered":"Ministro Paulo Guedes far\u00e1 palestra na Associa\u00e7\u00e3o Comercial"},"content":{"rendered":"\n<p>Na pr\u00f3xima quarta-feira, 14 de setembro, \u00e0s 9h30, a Associa\u00e7\u00e3o Comercial do Rio de Janeiro (ACRJ) e a Federa\u00e7\u00e3o das Ind\u00fastrias do Estado do Rio de Janeiro (FIRJAN) recebem o ministro da Economia, Paulo Guedes, que far\u00e1 uma palestra.\u00a0 O evento acontece na sede da ACRJ.<\/p>\n\n\n\n<p>Informa\u00e7\u00f5es pelos telefones: 2514-1280\/\/1206\/\/1208<\/p>\n","protected":false},"excerpt":{"rendered":"<p>Na pr\u00f3xima quarta-feira, 14 de setembro, \u00e0s 9h30, a Associa\u00e7\u00e3o Comercial do Rio de Janeiro (ACRJ) e a Federa\u00e7\u00e3o das Ind\u00fastrias do Estado do Rio&hellip;<\/p>\n","protected":false},"author":3,"featured_media":13381,"comment_status":"closed","ping_status":"closed","sticky":false,"template":"","format":"standard","meta":{"_exactmetrics_skip_tracking":false,"_exactmetrics_sitenote_active":false,"_exactmetrics_sitenote_note":"","_exactmetrics_sitenote_category":0,"footnotes":""},"categories":[6],"tags":[],"class_list":["post-13377","post","type-post","status-publish","format-standard","has-post-thumbnail","hentry","category-destaque_noticias"],"_links":{"self":[{"href":"https:\/\/acrj.org.br\/index.php\/wp-json\/wp\/v2\/posts\/13377","targetHints":{"allow":["GET"]}}],"collection":[{"href":"https:\/\/acrj.org.br\/index.php\/wp-json\/wp\/v2\/posts"}],"about":[{"href":"https:\/\/acrj.org.br\/index.php\/wp-json\/wp\/v2\/types\/post"}],"author":[{"embeddable":true,"href":"https:\/\/acrj.org.br\/index.php\/wp-json\/wp\/v2\/users\/3"}],"replies":[{"embeddable":true,"href":"https:\/\/acrj.org.br\/index.php\/wp-json\/wp\/v2\/comments?post=13377"}],"version-history":[{"count":0,"href":"https:\/\/acrj.org.br\/index.php\/wp-json\/wp\/v2\/posts\/13377\/revisions"}],"wp:featuredmedia":[{"embeddable":true,"href":"https:\/\/acrj.org.br\/index.php\/wp-json\/wp\/v2\/media\/13381"}],"wp:attachment":[{"href":"https:\/\/acrj.org.br\/index.php\/wp-json\/wp\/v2\/media?parent=13377"}],"wp:term":[{"taxonomy":"category","embeddable":true,"href":"https:\/\/acrj.org.br\/index.php\/wp-json\/wp\/v2\/categories?post=13377"},{"taxonomy":"post_tag","embeddable":true,"href":"https:\/\/acrj.org.br\/index.php\/wp-json\/wp\/v2\/tags?post=13377"}],"curies":[{"name":"wp","href":"https:\/\/api.w.org\/{rel}","templated":true}]}}