{"id":13075,"date":"2022-09-12T16:20:00","date_gmt":"2022-09-12T19:20:00","guid":{"rendered":"https:\/\/acrj.org.br\/?p=13075"},"modified":"2022-09-14T15:03:03","modified_gmt":"2022-09-14T18:03:03","slug":"presidente-da-acrj-visita-a-associacao-comercial-de-sp","status":"publish","type":"post","link":"https:\/\/acrj.org.br\/index.php\/2022\/09\/12\/presidente-da-acrj-visita-a-associacao-comercial-de-sp\/","title":{"rendered":"Presidente da ACRJ visita a Associa\u00e7\u00e3o Comercial de S\u00e3o Paulo"},"content":{"rendered":"\n<p>O presidente da Associa\u00e7\u00e3o Comercial do Rio de Janeiro, Jos\u00e9 Antonio do Nascimento Brito, se reuniu dia 16\/8 com o presidente Alfredo Cotait Neto, na sede da Associa\u00e7\u00e3o Comercial de S\u00e3o Paulo (ACSP). Acompanhado pela comitiva da ACSP, Nascimento Brito conheceu as novas instala\u00e7\u00f5es da Associa\u00e7\u00e3o de SP e tamb\u00e9m a Central de Registros (CRDC), a ACCredito e Faculdade do Com\u00e9rcio (FAC-SP).<\/p>\n\n\n\n<div class=\"wp-block-columns is-layout-flex wp-container-core-columns-is-layout-9d6595d7 wp-block-columns-is-layout-flex\">\n<div class=\"wp-block-column is-layout-flow wp-block-column-is-layout-flow\">\n<figure class=\"wp-block-image size-full is-style-default\"><img fetchpriority=\"high\" decoding=\"async\" width=\"799\" height=\"533\" src=\"https:\/\/acrj.org.br\/wp-content\/uploads\/2022\/08\/reuniao-ACSP_2_ago22.jpg\" alt=\"\" class=\"wp-image-13078\" srcset=\"https:\/\/acrj.org.br\/wp-content\/uploads\/2022\/08\/reuniao-ACSP_2_ago22.jpg 799w, https:\/\/acrj.org.br\/wp-content\/uploads\/2022\/08\/reuniao-ACSP_2_ago22-600x400.jpg 600w, https:\/\/acrj.org.br\/wp-content\/uploads\/2022\/08\/reuniao-ACSP_2_ago22-300x200.jpg 300w, https:\/\/acrj.org.br\/wp-content\/uploads\/2022\/08\/reuniao-ACSP_2_ago22-768x512.jpg 768w\" sizes=\"(max-width: 799px) 100vw, 799px\" \/><figcaption>Presidente Cotait apresenta as novas instala\u00e7\u00f5es e os servi\u00e7os<\/figcaption><\/figure>\n<\/div>\n\n\n\n<div class=\"wp-block-column is-layout-flow wp-block-column-is-layout-flow\">\n<figure class=\"wp-block-image size-full is-style-default\"><img decoding=\"async\" width=\"799\" height=\"533\" src=\"https:\/\/acrj.org.br\/wp-content\/uploads\/2022\/08\/reuniao-ACSP_1_ago22.jpg\" alt=\"\" class=\"wp-image-13077\" srcset=\"https:\/\/acrj.org.br\/wp-content\/uploads\/2022\/08\/reuniao-ACSP_1_ago22.jpg 799w, https:\/\/acrj.org.br\/wp-content\/uploads\/2022\/08\/reuniao-ACSP_1_ago22-600x400.jpg 600w, https:\/\/acrj.org.br\/wp-content\/uploads\/2022\/08\/reuniao-ACSP_1_ago22-300x200.jpg 300w, https:\/\/acrj.org.br\/wp-content\/uploads\/2022\/08\/reuniao-ACSP_1_ago22-768x512.jpg 768w\" sizes=\"(max-width: 799px) 100vw, 799px\" \/><figcaption>Diretoria da ACSP recebe o presidente Nascimento Brito<\/figcaption><\/figure>\n<\/div>\n<\/div>\n\n\n\n<p>Fotos: Divulga\u00e7\u00e3o\/ACSP<\/p>\n","protected":false},"excerpt":{"rendered":"<p>O presidente da Associa\u00e7\u00e3o Comercial do Rio de Janeiro, Jos\u00e9 Antonio do Nascimento Brito, se reuniu dia 16\/8 com o presidente Alfredo Cotait Neto, na&hellip;<\/p>\n","protected":false},"author":3,"featured_media":13076,"comment_status":"closed","ping_status":"closed","sticky":false,"template":"","format":"standard","meta":{"_exactmetrics_skip_tracking":false,"_exactmetrics_sitenote_active":false,"_exactmetrics_sitenote_note":"","_exactmetrics_sitenote_category":0,"footnotes":""},"categories":[6],"tags":[],"class_list":["post-13075","post","type-post","status-publish","format-standard","has-post-thumbnail","hentry","category-destaque_noticias"],"_links":{"self":[{"href":"https:\/\/acrj.org.br\/index.php\/wp-json\/wp\/v2\/posts\/13075","targetHints":{"allow":["GET"]}}],"collection":[{"href":"https:\/\/acrj.org.br\/index.php\/wp-json\/wp\/v2\/posts"}],"about":[{"href":"https:\/\/acrj.org.br\/index.php\/wp-json\/wp\/v2\/types\/post"}],"author":[{"embeddable":true,"href":"https:\/\/acrj.org.br\/index.php\/wp-json\/wp\/v2\/users\/3"}],"replies":[{"embeddable":true,"href":"https:\/\/acrj.org.br\/index.php\/wp-json\/wp\/v2\/comments?post=13075"}],"version-history":[{"count":0,"href":"https:\/\/acrj.org.br\/index.php\/wp-json\/wp\/v2\/posts\/13075\/revisions"}],"wp:featuredmedia":[{"embeddable":true,"href":"https:\/\/acrj.org.br\/index.php\/wp-json\/wp\/v2\/media\/13076"}],"wp:attachment":[{"href":"https:\/\/acrj.org.br\/index.php\/wp-json\/wp\/v2\/media?parent=13075"}],"wp:term":[{"taxonomy":"category","embeddable":true,"href":"https:\/\/acrj.org.br\/index.php\/wp-json\/wp\/v2\/categories?post=13075"},{"taxonomy":"post_tag","embeddable":true,"href":"https:\/\/acrj.org.br\/index.php\/wp-json\/wp\/v2\/tags?post=13075"}],"curies":[{"name":"wp","href":"https:\/\/api.w.org\/{rel}","templated":true}]}}