{"id":12939,"date":"2022-08-05T15:09:00","date_gmt":"2022-08-05T18:09:00","guid":{"rendered":"https:\/\/acrj.org.br\/?p=12939"},"modified":"2022-08-09T15:45:15","modified_gmt":"2022-08-09T18:45:15","slug":"ce-de-assuntos-culturais-vai-debater-a-reabertura-do-convento-do-carmo","status":"publish","type":"post","link":"https:\/\/acrj.org.br\/index.php\/2022\/08\/05\/ce-de-assuntos-culturais-vai-debater-a-reabertura-do-convento-do-carmo\/","title":{"rendered":"CE de Assuntos Culturais vai debater a reabertura do Convento do Carmo"},"content":{"rendered":"\n<p>O Conselho Empresarial de Assuntos Culturais da ACRJ vai debater o papel da Procuradoria Geral do Rio de Janeiro (PGE-RJ) no fomento \u00e0 cultura, destacando a reabertura do Convento do Carmo. O encontro, que ser\u00e1 realizado&nbsp;dia 10 de agosto, \u00e0s 10h30, receber\u00e1 o diretor Cultural da PGE-RJ, Anderson Schreiber, e a curadora da Procuradoria, Cec\u00edlia Fortes.&nbsp;<\/p>\n\n\n\n<p>A reuni\u00e3o \u00e9 gratuita com transmiss\u00e3o pelo Zoom.<\/p>\n\n\n\n<p><strong><a href=\"https:\/\/us06web.zoom.us\/j\/82444047343?pwd=L2t5aEpPeGZzbVJVK0pWOU1pRExOdz09#success\">Participe aqui<\/a><\/strong>\u00a0<\/p>\n","protected":false},"excerpt":{"rendered":"<p>O Conselho Empresarial de Assuntos Culturais da ACRJ vai debater o papel da Procuradoria Geral do Rio de Janeiro (PGE-RJ) no fomento \u00e0 cultura, destacando&hellip;<\/p>\n","protected":false},"author":3,"featured_media":12940,"comment_status":"closed","ping_status":"open","sticky":false,"template":"","format":"standard","meta":{"_exactmetrics_skip_tracking":false,"_exactmetrics_sitenote_active":false,"_exactmetrics_sitenote_note":"","_exactmetrics_sitenote_category":0,"footnotes":""},"categories":[10],"tags":[],"class_list":["post-12939","post","type-post","status-publish","format-standard","has-post-thumbnail","hentry","category-noticias"],"_links":{"self":[{"href":"https:\/\/acrj.org.br\/index.php\/wp-json\/wp\/v2\/posts\/12939","targetHints":{"allow":["GET"]}}],"collection":[{"href":"https:\/\/acrj.org.br\/index.php\/wp-json\/wp\/v2\/posts"}],"about":[{"href":"https:\/\/acrj.org.br\/index.php\/wp-json\/wp\/v2\/types\/post"}],"author":[{"embeddable":true,"href":"https:\/\/acrj.org.br\/index.php\/wp-json\/wp\/v2\/users\/3"}],"replies":[{"embeddable":true,"href":"https:\/\/acrj.org.br\/index.php\/wp-json\/wp\/v2\/comments?post=12939"}],"version-history":[{"count":0,"href":"https:\/\/acrj.org.br\/index.php\/wp-json\/wp\/v2\/posts\/12939\/revisions"}],"wp:featuredmedia":[{"embeddable":true,"href":"https:\/\/acrj.org.br\/index.php\/wp-json\/wp\/v2\/media\/12940"}],"wp:attachment":[{"href":"https:\/\/acrj.org.br\/index.php\/wp-json\/wp\/v2\/media?parent=12939"}],"wp:term":[{"taxonomy":"category","embeddable":true,"href":"https:\/\/acrj.org.br\/index.php\/wp-json\/wp\/v2\/categories?post=12939"},{"taxonomy":"post_tag","embeddable":true,"href":"https:\/\/acrj.org.br\/index.php\/wp-json\/wp\/v2\/tags?post=12939"}],"curies":[{"name":"wp","href":"https:\/\/api.w.org\/{rel}","templated":true}]}}