{"id":12930,"date":"2022-08-05T10:32:28","date_gmt":"2022-08-05T13:32:28","guid":{"rendered":"https:\/\/acrj.org.br\/?p=12930"},"modified":"2022-08-05T11:01:58","modified_gmt":"2022-08-05T14:01:58","slug":"aprendendo-a-inovar-e-o-tema-da-palstra-da-presidente-da-junior-achievement","status":"publish","type":"post","link":"https:\/\/acrj.org.br\/index.php\/2022\/08\/05\/aprendendo-a-inovar-e-o-tema-da-palstra-da-presidente-da-junior-achievement\/","title":{"rendered":"Aprendendo a inovar \u00e9 o tema da palestra da presidente da Junior Achievement RJ"},"content":{"rendered":"\n<p>A presidente da ONG Junior Achievement RJ, Graziella Castilho, \u00e9 a convidada da reuni\u00e3o do Conselho Empresarial de Inova\u00e7\u00e3o, Comunica\u00e7\u00e3o e Tecnologia da ACRJ, que acontece dia 9 de agosto, \u00e0s 15h.\u00a0<\/p>\n\n\n\n<p>Ela far\u00e1 a palestra Aprendendo a inovar &#8211; uma contribui\u00e7\u00e3o das empresas privadas. O encontro \u00e9 gratuito com transmiss\u00e3o pelo Zoom.<\/p>\n\n\n\n<p><strong><a href=\"https:\/\/us06web.zoom.us\/j\/85193731791?pwd=ODBwS3dQTUdPdXNQRVNxeWNiYU5sZz09#success\">Inscreva-se aqui<\/a><\/strong><\/p>\n","protected":false},"excerpt":{"rendered":"<p>A presidente da ONG Junior Achievement RJ, Graziella Castilho, \u00e9 a convidada da reuni\u00e3o do Conselho Empresarial de Inova\u00e7\u00e3o, Comunica\u00e7\u00e3o e Tecnologia da ACRJ, que&hellip;<\/p>\n","protected":false},"author":3,"featured_media":12931,"comment_status":"closed","ping_status":"open","sticky":false,"template":"","format":"standard","meta":{"_exactmetrics_skip_tracking":false,"_exactmetrics_sitenote_active":false,"_exactmetrics_sitenote_note":"","_exactmetrics_sitenote_category":0,"footnotes":""},"categories":[10],"tags":[],"class_list":["post-12930","post","type-post","status-publish","format-standard","has-post-thumbnail","hentry","category-noticias"],"_links":{"self":[{"href":"https:\/\/acrj.org.br\/index.php\/wp-json\/wp\/v2\/posts\/12930","targetHints":{"allow":["GET"]}}],"collection":[{"href":"https:\/\/acrj.org.br\/index.php\/wp-json\/wp\/v2\/posts"}],"about":[{"href":"https:\/\/acrj.org.br\/index.php\/wp-json\/wp\/v2\/types\/post"}],"author":[{"embeddable":true,"href":"https:\/\/acrj.org.br\/index.php\/wp-json\/wp\/v2\/users\/3"}],"replies":[{"embeddable":true,"href":"https:\/\/acrj.org.br\/index.php\/wp-json\/wp\/v2\/comments?post=12930"}],"version-history":[{"count":0,"href":"https:\/\/acrj.org.br\/index.php\/wp-json\/wp\/v2\/posts\/12930\/revisions"}],"wp:featuredmedia":[{"embeddable":true,"href":"https:\/\/acrj.org.br\/index.php\/wp-json\/wp\/v2\/media\/12931"}],"wp:attachment":[{"href":"https:\/\/acrj.org.br\/index.php\/wp-json\/wp\/v2\/media?parent=12930"}],"wp:term":[{"taxonomy":"category","embeddable":true,"href":"https:\/\/acrj.org.br\/index.php\/wp-json\/wp\/v2\/categories?post=12930"},{"taxonomy":"post_tag","embeddable":true,"href":"https:\/\/acrj.org.br\/index.php\/wp-json\/wp\/v2\/tags?post=12930"}],"curies":[{"name":"wp","href":"https:\/\/api.w.org\/{rel}","templated":true}]}}