{"id":12919,"date":"2022-08-04T17:32:55","date_gmt":"2022-08-04T20:32:55","guid":{"rendered":"https:\/\/acrj.org.br\/?p=12919"},"modified":"2022-08-04T18:31:23","modified_gmt":"2022-08-04T21:31:23","slug":"acrj-da-inicio-aos-encontros-da-educacao-com-a-palestra-inclusao-e-diversidade","status":"publish","type":"post","link":"https:\/\/acrj.org.br\/index.php\/2022\/08\/04\/acrj-da-inicio-aos-encontros-da-educacao-com-a-palestra-inclusao-e-diversidade\/","title":{"rendered":"ACRJ promove o projeto &#8220;Encontros da Educa\u00e7\u00e3o&#8221; com a palestra Inclus\u00e3o e Diversidade"},"content":{"rendered":"\n<p>Os Conselhos Empresariais de Educa\u00e7\u00e3o e Governan\u00e7a, Compliance e Diversidade da ACRJ d\u00e3o in\u00edcio ao projeto Encontros da Educa\u00e7\u00e3o com a palestra \u201cInclus\u00e3o e Diversidade\u201d, que ser\u00e1 realizada pela consultora Fl\u00e1via Cortinovis. O evento ser\u00e1 realizado dia 9 de agosto, \u00e0s 17 horas.<\/p>\n\n\n\n<p>Participam do debate os presidentes dos respectivos Conselhos, Paulo Milet e Humberto Mota Filho, e a vice do CE de Educa\u00e7\u00e3o, Sylvia Meirelles. O encontro ser\u00e1 virtual, transmitido pelo Zoom.<\/p>\n\n\n\n<p><strong><a href=\"https:\/\/us06web.zoom.us\/j\/88120865910?pwd=anJFSVBMRkF4WDJEZTdkazluTUN3Zz09\">Inscri\u00e7\u00f5es gratuitas aqui<\/a><\/strong><\/p>\n","protected":false},"excerpt":{"rendered":"<p>Os Conselhos Empresariais de Educa\u00e7\u00e3o e Governan\u00e7a, Compliance e Diversidade da ACRJ d\u00e3o in\u00edcio ao projeto Encontros da Educa\u00e7\u00e3o com a palestra \u201cInclus\u00e3o e Diversidade\u201d,&hellip;<\/p>\n","protected":false},"author":3,"featured_media":12920,"comment_status":"closed","ping_status":"closed","sticky":false,"template":"","format":"standard","meta":{"_exactmetrics_skip_tracking":false,"_exactmetrics_sitenote_active":false,"_exactmetrics_sitenote_note":"","_exactmetrics_sitenote_category":0,"footnotes":""},"categories":[10],"tags":[],"class_list":["post-12919","post","type-post","status-publish","format-standard","has-post-thumbnail","hentry","category-noticias"],"_links":{"self":[{"href":"https:\/\/acrj.org.br\/index.php\/wp-json\/wp\/v2\/posts\/12919","targetHints":{"allow":["GET"]}}],"collection":[{"href":"https:\/\/acrj.org.br\/index.php\/wp-json\/wp\/v2\/posts"}],"about":[{"href":"https:\/\/acrj.org.br\/index.php\/wp-json\/wp\/v2\/types\/post"}],"author":[{"embeddable":true,"href":"https:\/\/acrj.org.br\/index.php\/wp-json\/wp\/v2\/users\/3"}],"replies":[{"embeddable":true,"href":"https:\/\/acrj.org.br\/index.php\/wp-json\/wp\/v2\/comments?post=12919"}],"version-history":[{"count":0,"href":"https:\/\/acrj.org.br\/index.php\/wp-json\/wp\/v2\/posts\/12919\/revisions"}],"wp:featuredmedia":[{"embeddable":true,"href":"https:\/\/acrj.org.br\/index.php\/wp-json\/wp\/v2\/media\/12920"}],"wp:attachment":[{"href":"https:\/\/acrj.org.br\/index.php\/wp-json\/wp\/v2\/media?parent=12919"}],"wp:term":[{"taxonomy":"category","embeddable":true,"href":"https:\/\/acrj.org.br\/index.php\/wp-json\/wp\/v2\/categories?post=12919"},{"taxonomy":"post_tag","embeddable":true,"href":"https:\/\/acrj.org.br\/index.php\/wp-json\/wp\/v2\/tags?post=12919"}],"curies":[{"name":"wp","href":"https:\/\/api.w.org\/{rel}","templated":true}]}}