{"id":12883,"date":"2022-08-15T09:22:00","date_gmt":"2022-08-15T12:22:00","guid":{"rendered":"https:\/\/acrj.org.br\/?p=12883"},"modified":"2022-08-15T10:58:24","modified_gmt":"2022-08-15T13:58:24","slug":"acrj-promove-debate-sistema-penal-e-ambiente-de-negocios","status":"publish","type":"post","link":"https:\/\/acrj.org.br\/index.php\/2022\/08\/15\/acrj-promove-debate-sistema-penal-e-ambiente-de-negocios\/","title":{"rendered":"Sistema penal e ambiente de neg\u00f3cios ser\u00e3o debatidos na ACRJ"},"content":{"rendered":"\n<p>As garantias do Sistema Penal como premissas para um ambiente de neg\u00f3cios atrativo ser\u00e1 tema da palestra promovida pela Associa\u00e7\u00e3o Comercial do Rio de Janeiro, dia 19 de agosto, \u00e0s 10h.<\/p>\n\n\n\n<p>O presidente do Conselho Empresarial de Assuntos Jur\u00eddicos e Estrat\u00e9gicos da ACRJ, Luiz Gustavo Bichara, presidir\u00e1 a mesa composta pelos ministros do Superior Tribunal de Justi\u00e7a (STJ), Rog\u00e9rio Schietti e Antonio Saldanha Palheiro, e pelos desembargadores Simone Schreiber e Flavio Lucas. A advogada Fernanda T\u00f3rtima ser\u00e1 a mediadora do debate.<\/p>\n\n\n\n<p>O evento ser\u00e1 presencial na sede da ACRJ (Rua Candel\u00e1ria 9\/14\u00ba andar).<\/p>\n\n\n\n<p><strong><a href=\"https:\/\/docs.google.com\/forms\/d\/e\/1FAIpQLSeKfdAY8itS8f4-45OE7nAMcYP16RXqpQ2ETURdBrYW18mrFg\/viewform\">Inscri\u00e7\u00f5es aqui<\/a><\/strong><\/p>\n\n\n\n<p>Informa\u00e7\u00f5es: 2514-1206\/1280 ou pelo email: <a href=\"mailto:eventos@acrj.org.br\">eventos@acrj.org.br<\/a><\/p>\n","protected":false},"excerpt":{"rendered":"<p>As garantias do Sistema Penal como premissas para um ambiente de neg\u00f3cios atrativo ser\u00e1 tema da palestra promovida pela Associa\u00e7\u00e3o Comercial do Rio de Janeiro,&hellip;<\/p>\n","protected":false},"author":3,"featured_media":12884,"comment_status":"closed","ping_status":"closed","sticky":false,"template":"","format":"standard","meta":{"_exactmetrics_skip_tracking":false,"_exactmetrics_sitenote_active":false,"_exactmetrics_sitenote_note":"","_exactmetrics_sitenote_category":0,"footnotes":""},"categories":[10],"tags":[],"class_list":["post-12883","post","type-post","status-publish","format-standard","has-post-thumbnail","hentry","category-noticias"],"_links":{"self":[{"href":"https:\/\/acrj.org.br\/index.php\/wp-json\/wp\/v2\/posts\/12883","targetHints":{"allow":["GET"]}}],"collection":[{"href":"https:\/\/acrj.org.br\/index.php\/wp-json\/wp\/v2\/posts"}],"about":[{"href":"https:\/\/acrj.org.br\/index.php\/wp-json\/wp\/v2\/types\/post"}],"author":[{"embeddable":true,"href":"https:\/\/acrj.org.br\/index.php\/wp-json\/wp\/v2\/users\/3"}],"replies":[{"embeddable":true,"href":"https:\/\/acrj.org.br\/index.php\/wp-json\/wp\/v2\/comments?post=12883"}],"version-history":[{"count":0,"href":"https:\/\/acrj.org.br\/index.php\/wp-json\/wp\/v2\/posts\/12883\/revisions"}],"wp:featuredmedia":[{"embeddable":true,"href":"https:\/\/acrj.org.br\/index.php\/wp-json\/wp\/v2\/media\/12884"}],"wp:attachment":[{"href":"https:\/\/acrj.org.br\/index.php\/wp-json\/wp\/v2\/media?parent=12883"}],"wp:term":[{"taxonomy":"category","embeddable":true,"href":"https:\/\/acrj.org.br\/index.php\/wp-json\/wp\/v2\/categories?post=12883"},{"taxonomy":"post_tag","embeddable":true,"href":"https:\/\/acrj.org.br\/index.php\/wp-json\/wp\/v2\/tags?post=12883"}],"curies":[{"name":"wp","href":"https:\/\/api.w.org\/{rel}","templated":true}]}}