{"id":12866,"date":"2022-08-02T14:55:50","date_gmt":"2022-08-02T17:55:50","guid":{"rendered":"https:\/\/acrj.org.br\/?p=12866"},"modified":"2022-08-16T12:48:41","modified_gmt":"2022-08-16T15:48:41","slug":"vice-presidente-da-acrj-e-a-primeira-embaixadora-do-disque-denuncia","status":"publish","type":"post","link":"https:\/\/acrj.org.br\/index.php\/2022\/08\/02\/vice-presidente-da-acrj-e-a-primeira-embaixadora-do-disque-denuncia\/","title":{"rendered":"Vice-presidente da ACRJ \u00e9 a primeira embaixadora do Disque Den\u00fancia"},"content":{"rendered":"\t\t<div data-elementor-type=\"wp-post\" data-elementor-id=\"12866\" class=\"elementor elementor-12866\" data-elementor-post-type=\"post\">\n\t\t\t\t\t\t<section class=\"elementor-section elementor-top-section elementor-element elementor-element-68de4583 elementor-section-boxed elementor-section-height-default elementor-section-height-default\" data-id=\"68de4583\" data-element_type=\"section\" data-e-type=\"section\">\n\t\t\t\t\t\t<div class=\"elementor-container elementor-column-gap-default\">\n\t\t\t\t\t<div class=\"elementor-column elementor-col-100 elementor-top-column elementor-element elementor-element-22258056\" data-id=\"22258056\" data-element_type=\"column\" data-e-type=\"column\">\n\t\t\t<div class=\"elementor-widget-wrap elementor-element-populated\">\n\t\t\t\t\t\t<div class=\"elementor-element elementor-element-781e38f1 elementor-widget elementor-widget-text-editor\" data-id=\"781e38f1\" data-element_type=\"widget\" data-e-type=\"widget\" data-widget_type=\"text-editor.default\">\n\t\t\t\t<div class=\"elementor-widget-container\">\n\t\t\t\t\t\t\t\t\t<p><\/p>\n<p>A presidente do Conselho Empresarial de Competitividade, Ambiente de Neg\u00f3cios e Agroneg\u00f3cio e vice-presidente da Associa\u00e7\u00e3o Comercial do Rio de Janeiro, Irini Tsouroutsoglou, foi escolhida para ser a primeira embaixadora do Disque Den\u00fancia. O canal, criado h\u00e1 27 anos, colabora para a solu\u00e7\u00e3o de diversas ocorr\u00eancias.<br \/>\u201cAgrade\u00e7o pela confian\u00e7a e \u00e9 uma honra fazer parte desta iniciativa. O Disque-Den\u00fancia \u00e9 um canal important\u00edssimo para a elucida\u00e7\u00e3o de casos graves na nossa sociedade e j\u00e1 se tornou uma refer\u00eancia no combate ao crime \u201d, ressaltou Irini.<br \/>O Disque Den\u00fancia \u00e9 um servi\u00e7o de liga\u00e7\u00e3o telef\u00f4nica (2253-1177), que garante o anonimato do cidad\u00e3o para que se sinta seguro em denunciar. Neste per\u00edodo, recebeu quase 3 milh\u00f5es de den\u00fancias, com mais de 20 mil pris\u00f5es efetuadas com as informa\u00e7\u00f5es geradas.<\/p>\n<p>Foto: L\u00e9o Queiroz<\/p>\n<p>\u00a0<\/p>\n<p><\/p>\t\t\t\t\t\t\t\t<\/div>\n\t\t\t\t<\/div>\n\t\t\t\t\t<\/div>\n\t\t<\/div>\n\t\t\t\t\t<\/div>\n\t\t<\/section>\n\t\t\t\t<\/div>\n\t\t","protected":false},"excerpt":{"rendered":"<p>A presidente do Conselho Empresarial de Competitividade, Ambiente de Neg\u00f3cios e Agroneg\u00f3cio e vice-presidente da Associa\u00e7\u00e3o Comercial do Rio de Janeiro, Irini Tsouroutsoglou, foi escolhida&hellip;<\/p>\n","protected":false},"author":1,"featured_media":12864,"comment_status":"closed","ping_status":"open","sticky":false,"template":"","format":"standard","meta":{"_exactmetrics_skip_tracking":false,"_exactmetrics_sitenote_active":false,"_exactmetrics_sitenote_note":"","_exactmetrics_sitenote_category":0,"footnotes":""},"categories":[10],"tags":[],"class_list":["post-12866","post","type-post","status-publish","format-standard","has-post-thumbnail","hentry","category-noticias"],"_links":{"self":[{"href":"https:\/\/acrj.org.br\/index.php\/wp-json\/wp\/v2\/posts\/12866","targetHints":{"allow":["GET"]}}],"collection":[{"href":"https:\/\/acrj.org.br\/index.php\/wp-json\/wp\/v2\/posts"}],"about":[{"href":"https:\/\/acrj.org.br\/index.php\/wp-json\/wp\/v2\/types\/post"}],"author":[{"embeddable":true,"href":"https:\/\/acrj.org.br\/index.php\/wp-json\/wp\/v2\/users\/1"}],"replies":[{"embeddable":true,"href":"https:\/\/acrj.org.br\/index.php\/wp-json\/wp\/v2\/comments?post=12866"}],"version-history":[{"count":0,"href":"https:\/\/acrj.org.br\/index.php\/wp-json\/wp\/v2\/posts\/12866\/revisions"}],"wp:featuredmedia":[{"embeddable":true,"href":"https:\/\/acrj.org.br\/index.php\/wp-json\/wp\/v2\/media\/12864"}],"wp:attachment":[{"href":"https:\/\/acrj.org.br\/index.php\/wp-json\/wp\/v2\/media?parent=12866"}],"wp:term":[{"taxonomy":"category","embeddable":true,"href":"https:\/\/acrj.org.br\/index.php\/wp-json\/wp\/v2\/categories?post=12866"},{"taxonomy":"post_tag","embeddable":true,"href":"https:\/\/acrj.org.br\/index.php\/wp-json\/wp\/v2\/tags?post=12866"}],"curies":[{"name":"wp","href":"https:\/\/api.w.org\/{rel}","templated":true}]}}