{"id":12808,"date":"2022-06-30T18:09:00","date_gmt":"2022-06-30T21:09:00","guid":{"rendered":"https:\/\/acrj.org.br\/?p=12808"},"modified":"2022-07-26T18:15:08","modified_gmt":"2022-07-26T21:15:08","slug":"diretoras-da-junior-archivement-apresentam-programas-da-organizacao-para-o-conselho-de-jovens","status":"publish","type":"post","link":"https:\/\/acrj.org.br\/index.php\/2022\/06\/30\/diretoras-da-junior-archivement-apresentam-programas-da-organizacao-para-o-conselho-de-jovens\/","title":{"rendered":"Diretoras da Junior Archivement apresentam programas da organiza\u00e7\u00e3o para ACRJ"},"content":{"rendered":"\n<p>A presidente volunt\u00e1ria da Junior Archivement Rio de Janeiro (JA), Graziella Castilho, e a diretora executiva da organiza\u00e7\u00e3o e conselheira do Conselho Empresarial de Educa\u00e7\u00e3o da ACRJ, Renata Guimar\u00e3es, mostraram o funcionamento de uma s\u00e9rie de programas destinados aos jovens do estado. A apresenta\u00e7\u00e3o foi feita durante a reuni\u00e3o do Conselho Empresarial de Jovens da Associa\u00e7\u00e3o Comercial, realizada dia 30 de junho. <\/p>\n\n\n\n<p>Entre os programas, est\u00e1 o Miniempresa, que \u201cproporciona uma experi\u00eancia pr\u00e1tica em neg\u00f3cios atrav\u00e9s da organiza\u00e7\u00e3o e da opera\u00e7\u00e3o de uma empresa\u201d. Ele \u00e9 desenvolvido em 15 semanas, nas escolas, onde os alunos s\u00e3o incentivados e auxiliados na cria\u00e7\u00e3o de uma mini companhia, a partir do uso dos \u201cconceitos de livre iniciativa, mercado, comercializa\u00e7\u00e3o e produ\u00e7\u00e3o\u201d. <\/p>\n\n\n\n<p>\u201c\u00c9 um programa muito intenso e de muita troca. \u00c9 interessante porque ajuda os jovens a criar uma linha de produ\u00e7\u00e3o, ter conhecimento do funcionamento do processo. O mini empres\u00e1rio tem at\u00e9 que prestar conta, possibilitando ver o resultado do seu empreendimento \u201d, destacou Graziella . <\/p>\n\n\n\n<p>Renata Guimar\u00e3es comentou sobre alguns projetos, entre eles, o de cria\u00e7\u00e3o de startups, que esteve em 500 cidades no Brasil durante a pandemia. \u201cTivemos jovens interessados de cidades com dois mil habitantes. Um deles, por exemplo, participou de dentro do galinheiro porque era o lugar que a internet pegava\u201d, lembrou.<\/p>\n\n\n\n<p>Elas informaram que h\u00e1 uma parceria com a Secretaria de Estado de Educa\u00e7\u00e3o do Rio de Janeiro para preparar os jovens para o mercado de trabalho, empreendedorismo e inova\u00e7\u00e3o, entre outros. O projeto Trilha Empreendedora j\u00e1 atende a 120, das 1.230, escolas p\u00fablicas do ensino m\u00e9dio de todo o Rio.<\/p>\n\n\n\n<p>Al\u00e9m disso, adiantaram que a JA foi indicada ao Pr\u00eamio Nobel da Paz. A indica\u00e7\u00e3o se deu porque a organiza\u00e7\u00e3o inspira os jovens de todo o mundo, mesmo os que est\u00e3o em situa\u00e7\u00e3o de vulnerabilidade, a ter um futuro promissor.<\/p>\n\n\n\n<p>Ao longo da reuni\u00e3o, o vice-presidente do Conselho, Israel Contage, fez uma apresenta\u00e7\u00e3o sobre o funcionamento da Casa de Mau\u00e1. Ele reafirmou a import\u00e2ncia da intera\u00e7\u00e3o entre os Conselhos, a exemplo do que foi feito com o de Inova\u00e7\u00e3o em visita na Cedae.<\/p>\n\n\n\n<p>Pedro Rafael, presidente do Conselho de Jovens, anunciou que est\u00e1 prevista uma visita ao aeroporto do Gale\u00e3o, no pr\u00f3ximo dia 11 de julho. \u201cO objetivo \u00e9 conhecer o sistema log\u00edstico de uma das principais entradas de turistas e de produtos na cidade do Rio de Janeiro\u201d, finalizou.<\/p>\n","protected":false},"excerpt":{"rendered":"<p>A presidente volunt\u00e1ria da Junior Archivement Rio de Janeiro (JA), Graziella Castilho, e a diretora executiva da organiza\u00e7\u00e3o e conselheira do Conselho Empresarial de Educa\u00e7\u00e3o&hellip;<\/p>\n","protected":false},"author":1,"featured_media":12809,"comment_status":"closed","ping_status":"closed","sticky":false,"template":"","format":"standard","meta":{"_exactmetrics_skip_tracking":false,"_exactmetrics_sitenote_active":false,"_exactmetrics_sitenote_note":"","_exactmetrics_sitenote_category":0,"footnotes":""},"categories":[10],"tags":[],"class_list":["post-12808","post","type-post","status-publish","format-standard","has-post-thumbnail","hentry","category-noticias"],"_links":{"self":[{"href":"https:\/\/acrj.org.br\/index.php\/wp-json\/wp\/v2\/posts\/12808","targetHints":{"allow":["GET"]}}],"collection":[{"href":"https:\/\/acrj.org.br\/index.php\/wp-json\/wp\/v2\/posts"}],"about":[{"href":"https:\/\/acrj.org.br\/index.php\/wp-json\/wp\/v2\/types\/post"}],"author":[{"embeddable":true,"href":"https:\/\/acrj.org.br\/index.php\/wp-json\/wp\/v2\/users\/1"}],"replies":[{"embeddable":true,"href":"https:\/\/acrj.org.br\/index.php\/wp-json\/wp\/v2\/comments?post=12808"}],"version-history":[{"count":0,"href":"https:\/\/acrj.org.br\/index.php\/wp-json\/wp\/v2\/posts\/12808\/revisions"}],"wp:featuredmedia":[{"embeddable":true,"href":"https:\/\/acrj.org.br\/index.php\/wp-json\/wp\/v2\/media\/12809"}],"wp:attachment":[{"href":"https:\/\/acrj.org.br\/index.php\/wp-json\/wp\/v2\/media?parent=12808"}],"wp:term":[{"taxonomy":"category","embeddable":true,"href":"https:\/\/acrj.org.br\/index.php\/wp-json\/wp\/v2\/categories?post=12808"},{"taxonomy":"post_tag","embeddable":true,"href":"https:\/\/acrj.org.br\/index.php\/wp-json\/wp\/v2\/tags?post=12808"}],"curies":[{"name":"wp","href":"https:\/\/api.w.org\/{rel}","templated":true}]}}