{"id":12776,"date":"2022-07-25T15:05:10","date_gmt":"2022-07-25T18:05:10","guid":{"rendered":"https:\/\/acrj.org.br\/?p=12776"},"modified":"2022-10-24T16:12:54","modified_gmt":"2022-10-24T19:12:54","slug":"integrantes-do-conselho-de-meio-ambiente-da-acrj-sao-diplomados","status":"publish","type":"post","link":"https:\/\/acrj.org.br\/index.php\/2022\/07\/25\/integrantes-do-conselho-de-meio-ambiente-da-acrj-sao-diplomados\/","title":{"rendered":"Integrantes do Conselho de Meio Ambiente da ACRJ s\u00e3o diplomados"},"content":{"rendered":"\n<p>A diploma\u00e7\u00e3o dos membros da nova formata\u00e7\u00e3o do Conselho Empresarial de Meio Ambiente, Mudan\u00e7as Clim\u00e1ticas e Saneamento, ocorreu durante reuni\u00e3o, dia 25 de julho, na sede da Associa\u00e7\u00e3o Comercial do Rio de Janeiro. Os presidentes da ACRJ, Jos\u00e9 Antonio do Nascimento Brito; do Conselho Superior, Marco Polo Moreira Leite; e do Conselho de Meio Ambiente, Luciana Gil; o vice-presidente Jur\u00eddico da Associa\u00e7\u00e3o Comercial, Daniel Homem de Carvalho; e o presidente do INEA (Instituto Estadual do Ambiente), Philipe Campello, fizeram parte da mesa de abertura do evento.<\/p>\n\n\n\n<p>\u201cA atua\u00e7\u00e3o do Conselho de Meio Ambiente, que agregou os temas mudan\u00e7as clim\u00e1ticas e saneamento ao seu nome, \u00e9 muito importante para as pol\u00edticas ambientais do Rio de Janeiro. A quest\u00e3o do saneamento, por exemplo, \u00e9 um t\u00f3pico VIP para a ACRJ e, com a privatiza\u00e7\u00e3o da Cedae, tornou-se ainda mais fundamental\u201d, enfatizou Jos\u00e9 Antonio do Nascimento Brito.<\/p>\n\n\n\n<p>O presidente do Conselho Superior refor\u00e7ou a necessidade de olhar cada vez mais para o meio ambiente.&nbsp; \u201cFiquei preocupado com o que vi na Europa, em Portugal, na Espanha e em outros pa\u00edses recentemente. N\u00e3o se pode caminhar. Sair s\u00f3 ap\u00f3s as dez da noite. Muito quente. H\u00e1 muitos inc\u00eandios. A conta n\u00e3o vai chegar, a conta j\u00e1 chegou\u201d, destacou Marco Polo.<\/p>\n\n\n\n<p>Luciana Gil, nova presidente do Conselho e que foi diplomada junto com os conselheiros, disse que ser\u00e1 um desafio enorme liderar este f\u00f3rum e agradeceu a oportunidade. Segundo ela, a quest\u00e3o da descarboniza\u00e7\u00e3o, por exemplo, \u00e9 muito dif\u00edcil. \u201c\u00c9 uma quest\u00e3o mais mercadol\u00f3gica do que pr\u00e1tica. Tem inseguran\u00e7a jur\u00eddica, mas vamos trabalhar para impulsionar as iniciativas\u201d, adiantou.<\/p>\n\n\n\n<p>Para o vice-presidente Jur\u00eddico da Associa\u00e7\u00e3o, Daniel Homem de Carvalho, \u201ca din\u00e2mica para tratar de assuntos fundamentais para a sociedade e a representa\u00e7\u00e3o da ACRJ s\u00e3o marcas da nossa gest\u00e3o&#8221;.&nbsp;<\/p>\n\n\n\n<p>Philipe Campello, presidente do INEA e que tamb\u00e9m \u00e9 membro do Conselho de Meio Ambiente, fez uma palestra sobre a atua\u00e7\u00e3o do instituto e ressaltou que \u00e9 preciso mudar o discurso. \u201cSe fizermos uma reflex\u00e3o sobre a terra, estamos perdendo a luta e o discurso deve ser outro. Precisamos que a humanidade seja protegida e n\u00e3o s\u00f3 a natureza.&nbsp; Necessitamos defender a qualidade de vida\u201d, reiterou.<\/p>\n\n\n\n<p>A \u00edntegra do evento e da palestra do presidente do INEA est\u00e1 dispon\u00edvel no Canal ACRJ Divulga no YouTube. <a href=\"https:\/\/www.youtube.com\/watch?v=-7xZch-dlaU\">Acesse aqui<\/a><\/p>\n\n\n\n<p><\/p>\n\n\n\n<p><\/p>\n\n\n\n<div class=\"wp-block-columns is-layout-flex wp-container-core-columns-is-layout-9d6595d7 wp-block-columns-is-layout-flex\">\n<div class=\"wp-block-column is-layout-flow wp-block-column-is-layout-flow\" style=\"flex-basis:100%\">\n<div class=\"wp-block-columns is-layout-flex wp-container-core-columns-is-layout-9d6595d7 wp-block-columns-is-layout-flex\">\n<div class=\"wp-block-column is-layout-flow wp-block-column-is-layout-flow\" style=\"flex-basis:33.34%\">\n<figure class=\"wp-block-image size-large is-style-default\"><img fetchpriority=\"high\" decoding=\"async\" width=\"1024\" height=\"576\" src=\"https:\/\/acrj.org.br\/wp-content\/uploads\/2022\/07\/image-10-1024x576.png\" alt=\"\" class=\"wp-image-12778\" srcset=\"https:\/\/acrj.org.br\/wp-content\/uploads\/2022\/07\/image-10-1024x576.png 1024w, https:\/\/acrj.org.br\/wp-content\/uploads\/2022\/07\/image-10-600x338.png 600w, https:\/\/acrj.org.br\/wp-content\/uploads\/2022\/07\/image-10-300x169.png 300w, https:\/\/acrj.org.br\/wp-content\/uploads\/2022\/07\/image-10-768x432.png 768w, https:\/\/acrj.org.br\/wp-content\/uploads\/2022\/07\/image-10-1536x864.png 1536w, https:\/\/acrj.org.br\/wp-content\/uploads\/2022\/07\/image-10.png 1600w\" sizes=\"(max-width: 1024px) 100vw, 1024px\" \/><figcaption>Marco Polo, Luciana Gil e Jos\u00e9 Antonio do Nascimento Brito<\/figcaption><\/figure>\n<\/div>\n\n\n\n<div class=\"wp-block-column is-layout-flow wp-block-column-is-layout-flow\" style=\"flex-basis:33.34%\">\n<figure class=\"wp-block-image size-large is-style-default\"><img decoding=\"async\" width=\"1024\" height=\"576\" src=\"https:\/\/acrj.org.br\/wp-content\/uploads\/2022\/07\/image-9-1024x576.png\" alt=\"\" class=\"wp-image-12777\" srcset=\"https:\/\/acrj.org.br\/wp-content\/uploads\/2022\/07\/image-9-1024x576.png 1024w, https:\/\/acrj.org.br\/wp-content\/uploads\/2022\/07\/image-9-600x338.png 600w, https:\/\/acrj.org.br\/wp-content\/uploads\/2022\/07\/image-9-300x169.png 300w, https:\/\/acrj.org.br\/wp-content\/uploads\/2022\/07\/image-9-768x432.png 768w, https:\/\/acrj.org.br\/wp-content\/uploads\/2022\/07\/image-9-1536x864.png 1536w, https:\/\/acrj.org.br\/wp-content\/uploads\/2022\/07\/image-9.png 1600w\" sizes=\"(max-width: 1024px) 100vw, 1024px\" \/><figcaption>Daniel Homem de Carvalho, Philipe Campello, Luciana Gil e Jos\u00e9 Antonio do Nascimento Brito<\/figcaption><\/figure>\n<\/div>\n\n\n\n<div class=\"wp-block-column is-layout-flow wp-block-column-is-layout-flow\" style=\"flex-basis:33.33%\"><div class=\"wp-block-image is-style-default\">\n<figure class=\"aligncenter size-large\"><img decoding=\"async\" width=\"1024\" height=\"576\" src=\"https:\/\/acrj.org.br\/wp-content\/uploads\/2022\/07\/image-11-1024x576.png\" alt=\"\" class=\"wp-image-12779\" srcset=\"https:\/\/acrj.org.br\/wp-content\/uploads\/2022\/07\/image-11-1024x576.png 1024w, https:\/\/acrj.org.br\/wp-content\/uploads\/2022\/07\/image-11-600x338.png 600w, https:\/\/acrj.org.br\/wp-content\/uploads\/2022\/07\/image-11-300x169.png 300w, https:\/\/acrj.org.br\/wp-content\/uploads\/2022\/07\/image-11-768x432.png 768w, https:\/\/acrj.org.br\/wp-content\/uploads\/2022\/07\/image-11.png 1280w\" sizes=\"(max-width: 1024px) 100vw, 1024px\" \/><figcaption>Philipe Campello<\/figcaption><\/figure>\n<\/div><\/div>\n<\/div>\n<\/div>\n<\/div>\n\n\n\n<p><\/p>\n","protected":false},"excerpt":{"rendered":"<p>A diploma\u00e7\u00e3o dos membros da nova formata\u00e7\u00e3o do Conselho Empresarial de Meio Ambiente, Mudan\u00e7as Clim\u00e1ticas e Saneamento, ocorreu durante reuni\u00e3o, dia 25 de julho, na&hellip;<\/p>\n","protected":false},"author":1,"featured_media":12782,"comment_status":"closed","ping_status":"closed","sticky":false,"template":"","format":"standard","meta":{"_exactmetrics_skip_tracking":false,"_exactmetrics_sitenote_active":false,"_exactmetrics_sitenote_note":"","_exactmetrics_sitenote_category":0,"footnotes":""},"categories":[10],"tags":[],"class_list":["post-12776","post","type-post","status-publish","format-standard","has-post-thumbnail","hentry","category-noticias"],"_links":{"self":[{"href":"https:\/\/acrj.org.br\/index.php\/wp-json\/wp\/v2\/posts\/12776","targetHints":{"allow":["GET"]}}],"collection":[{"href":"https:\/\/acrj.org.br\/index.php\/wp-json\/wp\/v2\/posts"}],"about":[{"href":"https:\/\/acrj.org.br\/index.php\/wp-json\/wp\/v2\/types\/post"}],"author":[{"embeddable":true,"href":"https:\/\/acrj.org.br\/index.php\/wp-json\/wp\/v2\/users\/1"}],"replies":[{"embeddable":true,"href":"https:\/\/acrj.org.br\/index.php\/wp-json\/wp\/v2\/comments?post=12776"}],"version-history":[{"count":0,"href":"https:\/\/acrj.org.br\/index.php\/wp-json\/wp\/v2\/posts\/12776\/revisions"}],"wp:featuredmedia":[{"embeddable":true,"href":"https:\/\/acrj.org.br\/index.php\/wp-json\/wp\/v2\/media\/12782"}],"wp:attachment":[{"href":"https:\/\/acrj.org.br\/index.php\/wp-json\/wp\/v2\/media?parent=12776"}],"wp:term":[{"taxonomy":"category","embeddable":true,"href":"https:\/\/acrj.org.br\/index.php\/wp-json\/wp\/v2\/categories?post=12776"},{"taxonomy":"post_tag","embeddable":true,"href":"https:\/\/acrj.org.br\/index.php\/wp-json\/wp\/v2\/tags?post=12776"}],"curies":[{"name":"wp","href":"https:\/\/api.w.org\/{rel}","templated":true}]}}