{"id":12762,"date":"2022-05-13T13:53:00","date_gmt":"2022-05-13T16:53:00","guid":{"rendered":"https:\/\/acrj.org.br\/?p=12762"},"modified":"2022-07-21T14:00:43","modified_gmt":"2022-07-21T17:00:43","slug":"inflacao-alta-e-seus-impactos-na-economia-global-e-a-grande-preocupacao-no-momento","status":"publish","type":"post","link":"https:\/\/acrj.org.br\/index.php\/2022\/05\/13\/inflacao-alta-e-seus-impactos-na-economia-global-e-a-grande-preocupacao-no-momento\/","title":{"rendered":"Infla\u00e7\u00e3o alta e seus impactos na economia global \u00e9 a grande preocupa\u00e7\u00e3o no momento"},"content":{"rendered":"\n<p>O Conselho Empresarial de Pol\u00edticas Econ\u00f4micas da ACRJ se reuniu virtualmente, dia 12 de maio, e debateu a alta da infla\u00e7\u00e3o na economia global, entre outros temas. O presidente do Conselho, embaixador Marc\u00edlio Marques Moreira, fez uma an\u00e1lise da conjuntura econ\u00f4mica e da expectativa de estabilidade ap\u00f3s o aumento do \u00edndice inflacion\u00e1rio no mundo.<\/p>\n\n\n\n<p>\u201cA economia mundial sofre o mesmo problema que n\u00f3s, que \u00e9 a infla\u00e7\u00e3o. O Fundo Monet\u00e1rio Internacional tem feito a revis\u00e3o do crescimento, diminuindo a m\u00e9dia. Com o Brasil, essa estimativa at\u00e9 melhorou, podendo crescer at\u00e9 0,8%. Mas, no geral, temos, portanto, uma conjuntura muito dif\u00edcil\u201d, ressaltou Marc\u00edlio Marques Moreira.<\/p>\n\n\n\n<p>Segundo ele, v\u00e1rios pa\u00edses est\u00e3o vivendo a press\u00e3o inflacion\u00e1ria, como a Alemanha e os Estados Unidos, sendo que o pa\u00eds norte-americano apresentou um \u00edndice na casa dos 8% nos \u00faltimos 12 meses. O embaixador comentou ainda sobre o nacionalismo contra a abertura do mercado, o que dificulta ainda mais a situa\u00e7\u00e3o, como \u00e9 o caso do Brasil. \u201cSomos um dos pa\u00edses mais fechados. O nacionalismo \u00e9 uma reserva de mercado, mas que \u00e9 negativo para a economia como um todo\u201d, revelou.<\/p>\n\n\n\n<p>Os conselheiros avaliaram ainda o aumento da taxa de juros. Para eles, a decis\u00e3o do Banco Central de aumentar, para segurar a infla\u00e7\u00e3o, deixou o Brasil em uma \u201cfase relativamente boa\u201d porque reagiu r\u00e1pido a escalada do \u00edndice inflacion\u00e1rio. Ao contr\u00e1rio dos Estados Unidos, que demoraram a reagir e que est\u00e3o subindo a taxa gradualmente, j\u00e1 que a economia americana \u00e9 muito sens\u00edvel.<\/p>\n\n\n\n<p>Os integrantes do Conselho defenderam que a recupera\u00e7\u00e3o econ\u00f4mica global passe tamb\u00e9m pelas pequenas e m\u00e9dias empresas. Conforme os conselheiros, s\u00e3o as grandes geradoras de empregos e que \u00e9 preciso enveredar por esse caminho de modo a alavancar novos neg\u00f3cios, pesquisas, como ocorre na It\u00e1lia, e estabilizar a economia.<\/p>\n\n\n\n<figure class=\"wp-block-image size-large is-resized\"><img fetchpriority=\"high\" decoding=\"async\" src=\"https:\/\/acrj.org.br\/wp-content\/uploads\/2022\/07\/image-8-1024x467.png\" alt=\"\" class=\"wp-image-12763\" width=\"406\" height=\"185\" srcset=\"https:\/\/acrj.org.br\/wp-content\/uploads\/2022\/07\/image-8-1024x467.png 1024w, https:\/\/acrj.org.br\/wp-content\/uploads\/2022\/07\/image-8-600x274.png 600w, https:\/\/acrj.org.br\/wp-content\/uploads\/2022\/07\/image-8-300x137.png 300w, https:\/\/acrj.org.br\/wp-content\/uploads\/2022\/07\/image-8-768x350.png 768w, https:\/\/acrj.org.br\/wp-content\/uploads\/2022\/07\/image-8.png 1280w\" sizes=\"(max-width: 406px) 100vw, 406px\" \/><\/figure>\n","protected":false},"excerpt":{"rendered":"<p>O Conselho Empresarial de Pol\u00edticas Econ\u00f4micas da ACRJ se reuniu virtualmente, dia 12 de maio, e debateu a alta da infla\u00e7\u00e3o na economia global, entre&hellip;<\/p>\n","protected":false},"author":1,"featured_media":12764,"comment_status":"closed","ping_status":"closed","sticky":false,"template":"","format":"standard","meta":{"_exactmetrics_skip_tracking":false,"_exactmetrics_sitenote_active":false,"_exactmetrics_sitenote_note":"","_exactmetrics_sitenote_category":0,"footnotes":""},"categories":[10],"tags":[],"class_list":["post-12762","post","type-post","status-publish","format-standard","has-post-thumbnail","hentry","category-noticias"],"_links":{"self":[{"href":"https:\/\/acrj.org.br\/index.php\/wp-json\/wp\/v2\/posts\/12762","targetHints":{"allow":["GET"]}}],"collection":[{"href":"https:\/\/acrj.org.br\/index.php\/wp-json\/wp\/v2\/posts"}],"about":[{"href":"https:\/\/acrj.org.br\/index.php\/wp-json\/wp\/v2\/types\/post"}],"author":[{"embeddable":true,"href":"https:\/\/acrj.org.br\/index.php\/wp-json\/wp\/v2\/users\/1"}],"replies":[{"embeddable":true,"href":"https:\/\/acrj.org.br\/index.php\/wp-json\/wp\/v2\/comments?post=12762"}],"version-history":[{"count":0,"href":"https:\/\/acrj.org.br\/index.php\/wp-json\/wp\/v2\/posts\/12762\/revisions"}],"wp:featuredmedia":[{"embeddable":true,"href":"https:\/\/acrj.org.br\/index.php\/wp-json\/wp\/v2\/media\/12764"}],"wp:attachment":[{"href":"https:\/\/acrj.org.br\/index.php\/wp-json\/wp\/v2\/media?parent=12762"}],"wp:term":[{"taxonomy":"category","embeddable":true,"href":"https:\/\/acrj.org.br\/index.php\/wp-json\/wp\/v2\/categories?post=12762"},{"taxonomy":"post_tag","embeddable":true,"href":"https:\/\/acrj.org.br\/index.php\/wp-json\/wp\/v2\/tags?post=12762"}],"curies":[{"name":"wp","href":"https:\/\/api.w.org\/{rel}","templated":true}]}}