{"id":12754,"date":"2022-07-21T13:43:42","date_gmt":"2022-07-21T16:43:42","guid":{"rendered":"https:\/\/acrj.org.br\/?p=12754"},"modified":"2022-07-21T13:44:36","modified_gmt":"2022-07-21T16:44:36","slug":"conselho-de-inovacao-avalia-maior-participacao-em-eventos-do-rio","status":"publish","type":"post","link":"https:\/\/acrj.org.br\/index.php\/2022\/07\/21\/conselho-de-inovacao-avalia-maior-participacao-em-eventos-do-rio\/","title":{"rendered":"Conselho de Inova\u00e7\u00e3o avalia maior participa\u00e7\u00e3o em eventos do Rio"},"content":{"rendered":"\n<p>Em reuni\u00e3o, realizada dia 19 de julho, o Conselho Empresarial de Inova\u00e7\u00e3o, Comunica\u00e7\u00e3o e Tecnologia da ACRJ fez uma an\u00e1lise sobre a palestra do presidente da Invest.Rio e dos projetos apresentados por Rodrigo Stallone. No encontro online, ocorrida dia 12 de julho, o executivo da Ag\u00eancia de Promo\u00e7\u00e3o e Atra\u00e7\u00e3o de Investimentos de Prefeitura do Rio de Janeiro informou que a administra\u00e7\u00e3o municipal busca o desenvolvimento econ\u00f4mico por meio da atra\u00e7\u00e3o de investimentos e com base nos pilares da tecnologia, inclus\u00e3o e sustentabilidade.<\/p>\n\n\n\n<p>Para o presidente do Conselho, Caio Rainerio, existem iniciativas que a Associa\u00e7\u00e3o Comercial pode contribuir. \u201cOs eventos s\u00e3o muito interessantes e a ACRJ pode agregar, inclusive, ajudando na alavancagem de novos neg\u00f3cios\u201d, comentou. <\/p>\n\n\n\n<p>Rodrigo Stallone, na ocasi\u00e3o, apresentou ainda uma s\u00e9rie de outras atividades, como a realiza\u00e7\u00e3o de cursos para qualificar jovens em situa\u00e7\u00e3o de vulnerabilidade e atender uma grande demanda de profissionais. Caio Rainerio citou as a\u00e7\u00f5es voltadas para inova\u00e7\u00e3o e educa\u00e7\u00e3o assim como os cursos oferecidos, que muito colaboram para a inclus\u00e3o social.<\/p>\n\n\n\n<figure class=\"wp-block-image size-full is-resized\"><img fetchpriority=\"high\" decoding=\"async\" src=\"https:\/\/acrj.org.br\/wp-content\/uploads\/2022\/07\/image-6.png\" alt=\"\" class=\"wp-image-12755\" width=\"431\" height=\"185\" srcset=\"https:\/\/acrj.org.br\/wp-content\/uploads\/2022\/07\/image-6.png 980w, https:\/\/acrj.org.br\/wp-content\/uploads\/2022\/07\/image-6-600x257.png 600w, https:\/\/acrj.org.br\/wp-content\/uploads\/2022\/07\/image-6-300x129.png 300w, https:\/\/acrj.org.br\/wp-content\/uploads\/2022\/07\/image-6-768x329.png 768w\" sizes=\"(max-width: 431px) 100vw, 431px\" \/><\/figure>\n","protected":false},"excerpt":{"rendered":"<p>Em reuni\u00e3o, realizada dia 19 de julho, o Conselho Empresarial de Inova\u00e7\u00e3o, Comunica\u00e7\u00e3o e Tecnologia da ACRJ fez uma an\u00e1lise sobre a palestra do presidente&hellip;<\/p>\n","protected":false},"author":1,"featured_media":12756,"comment_status":"closed","ping_status":"closed","sticky":false,"template":"","format":"standard","meta":{"_exactmetrics_skip_tracking":false,"_exactmetrics_sitenote_active":false,"_exactmetrics_sitenote_note":"","_exactmetrics_sitenote_category":0,"footnotes":""},"categories":[10],"tags":[],"class_list":["post-12754","post","type-post","status-publish","format-standard","has-post-thumbnail","hentry","category-noticias"],"_links":{"self":[{"href":"https:\/\/acrj.org.br\/index.php\/wp-json\/wp\/v2\/posts\/12754","targetHints":{"allow":["GET"]}}],"collection":[{"href":"https:\/\/acrj.org.br\/index.php\/wp-json\/wp\/v2\/posts"}],"about":[{"href":"https:\/\/acrj.org.br\/index.php\/wp-json\/wp\/v2\/types\/post"}],"author":[{"embeddable":true,"href":"https:\/\/acrj.org.br\/index.php\/wp-json\/wp\/v2\/users\/1"}],"replies":[{"embeddable":true,"href":"https:\/\/acrj.org.br\/index.php\/wp-json\/wp\/v2\/comments?post=12754"}],"version-history":[{"count":0,"href":"https:\/\/acrj.org.br\/index.php\/wp-json\/wp\/v2\/posts\/12754\/revisions"}],"wp:featuredmedia":[{"embeddable":true,"href":"https:\/\/acrj.org.br\/index.php\/wp-json\/wp\/v2\/media\/12756"}],"wp:attachment":[{"href":"https:\/\/acrj.org.br\/index.php\/wp-json\/wp\/v2\/media?parent=12754"}],"wp:term":[{"taxonomy":"category","embeddable":true,"href":"https:\/\/acrj.org.br\/index.php\/wp-json\/wp\/v2\/categories?post=12754"},{"taxonomy":"post_tag","embeddable":true,"href":"https:\/\/acrj.org.br\/index.php\/wp-json\/wp\/v2\/tags?post=12754"}],"curies":[{"name":"wp","href":"https:\/\/api.w.org\/{rel}","templated":true}]}}