{"id":12712,"date":"2022-07-15T16:39:11","date_gmt":"2022-07-15T19:39:11","guid":{"rendered":"https:\/\/acrj.org.br\/?p=12712"},"modified":"2022-07-21T12:16:42","modified_gmt":"2022-07-21T15:16:42","slug":"cenario-brasileiro-e-inflacao-dos-eua-foram-os-principais-temas-analisados-pelo-conselho-de-politicas-economicas","status":"publish","type":"post","link":"https:\/\/acrj.org.br\/index.php\/2022\/07\/15\/cenario-brasileiro-e-inflacao-dos-eua-foram-os-principais-temas-analisados-pelo-conselho-de-politicas-economicas\/","title":{"rendered":"Cen\u00e1rio brasileiro e infla\u00e7\u00e3o dos EUA foram  temas analisados pelo Conselho de Pol\u00edticas Econ\u00f4micas"},"content":{"rendered":"\t\t<div data-elementor-type=\"wp-post\" data-elementor-id=\"12712\" class=\"elementor elementor-12712\" data-elementor-post-type=\"post\">\n\t\t\t\t\t\t<section class=\"elementor-section elementor-top-section elementor-element elementor-element-1e6a90b9 elementor-section-boxed elementor-section-height-default elementor-section-height-default\" data-id=\"1e6a90b9\" data-element_type=\"section\" data-e-type=\"section\">\n\t\t\t\t\t\t<div class=\"elementor-container elementor-column-gap-default\">\n\t\t\t\t\t<div class=\"elementor-column elementor-col-100 elementor-top-column elementor-element elementor-element-733279dd\" data-id=\"733279dd\" data-element_type=\"column\" data-e-type=\"column\">\n\t\t\t<div class=\"elementor-widget-wrap elementor-element-populated\">\n\t\t\t\t\t\t<div class=\"elementor-element elementor-element-f028607 elementor-widget elementor-widget-text-editor\" data-id=\"f028607\" data-element_type=\"widget\" data-e-type=\"widget\" data-widget_type=\"text-editor.default\">\n\t\t\t\t<div class=\"elementor-widget-container\">\n\t\t\t\t\t\t\t\t\t\n<p>A oferta de mais empregos e o cen\u00e1rio econ\u00f4mico do Brasil como um todo foi analisado pelo Conselho Empresarial de Pol\u00edticas Econ\u00f4micas da ACRJ em reuni\u00e3o realizada dia 14 de julho. O conselheiro Paulo Gurgel Valente apresentou dados que mostram avan\u00e7os na \u00e1rea, como a queda de desemprego em 9,8%, \u00edndice consolidado pela PNAD Cont\u00ednua (Pesquisa Nacional por Amostra de Domic\u00edlios Cont\u00ednua), divulgada no fim do m\u00eas passado pelo IBGE.<br>Segundo ele, o quadro se mostra favor\u00e1vel com cerca de mais cinco milh\u00f5es de pessoas empregadas. Ao avaliar o cen\u00e1rio, o presidente do Conselho, embaixador Marc\u00edlio Marques Moreira, disse que \u00e9 \u201cimpressionante esse avan\u00e7o\u201d. \u201cO aumento da arrecada\u00e7\u00e3o e a queda nas despesas, tal qual a diminui\u00e7\u00e3o da taxa de desemprego, s\u00e3o dados positivos\u201d, acrescentou.<br>O custo da energia tamb\u00e9m foi pauta do encontro virtual. O conselheiro Paulo Camillo Penna comentou sobre o setor da constru\u00e7\u00e3o civil e disse que os insumos energ\u00e9ticos v\u00eam subindo significativamente e pressionando a produ\u00e7\u00e3o do cimento. \u201cA press\u00e3o dos custos de energia representa 65% no segmento de cimento\u201d, ressaltou.<br>Outro ponto levantado foi a infla\u00e7\u00e3o dos Estados Unidos, a mais alta em 40 anos e meio. Os pre\u00e7os ao consumidor chegaram a 9,1%. Entre as causas dessa performance norte-americana, est\u00e3o problemas no fornecimento global, disparada dos pre\u00e7os dos alimentos, ocasionada principalmente pela guerra na Ucr\u00e2nia, que atingiu ainda o valor dos combust\u00edveis. Para eles, houve um erro de planejamento da pol\u00edtica monet\u00e1ria e tamb\u00e9m da fiscal, inclusive com uma s\u00e9rie de concess\u00f5es e est\u00edmulos feitos no in\u00edcio da pandemia da Covid.<\/p>\n\t\t\t\t\t\t\t\t<\/div>\n\t\t\t\t<\/div>\n\t\t\t\t<div class=\"elementor-element elementor-element-c7a7418 elementor-widget elementor-widget-gallery\" data-id=\"c7a7418\" data-element_type=\"widget\" data-e-type=\"widget\" data-settings=\"{&quot;columns&quot;:3,&quot;aspect_ratio&quot;:&quot;16:9&quot;,&quot;lazyload&quot;:&quot;yes&quot;,&quot;gallery_layout&quot;:&quot;grid&quot;,&quot;columns_tablet&quot;:2,&quot;columns_mobile&quot;:1,&quot;gap&quot;:{&quot;unit&quot;:&quot;px&quot;,&quot;size&quot;:10,&quot;sizes&quot;:[]},&quot;gap_tablet&quot;:{&quot;unit&quot;:&quot;px&quot;,&quot;size&quot;:10,&quot;sizes&quot;:[]},&quot;gap_mobile&quot;:{&quot;unit&quot;:&quot;px&quot;,&quot;size&quot;:10,&quot;sizes&quot;:[]},&quot;link_to&quot;:&quot;file&quot;,&quot;overlay_background&quot;:&quot;yes&quot;,&quot;content_hover_animation&quot;:&quot;fade-in&quot;}\" data-widget_type=\"gallery.default\">\n\t\t\t\t<div class=\"elementor-widget-container\">\n\t\t\t\t\t\t\t<div class=\"elementor-gallery__container\">\n\t\t\t\t\t\t\t<a class=\"e-gallery-item elementor-gallery-item elementor-animated-content\" href=\"https:\/\/acrj.org.br\/wp-content\/uploads\/2022\/07\/WhatsApp-Image-2022-07-15-at-10.56.18.jpeg\" data-elementor-open-lightbox=\"yes\" data-elementor-lightbox-slideshow=\"c7a7418\" data-elementor-lightbox-title=\"Conselho de Pol\u00edticas Econ\u00f4micas\" data-e-action-hash=\"#elementor-action%3Aaction%3Dlightbox%26settings%3DeyJpZCI6MTI3MTMsInVybCI6Imh0dHBzOlwvXC9hY3JqLm9yZy5iclwvd3AtY29udGVudFwvdXBsb2Fkc1wvMjAyMlwvMDdcL1doYXRzQXBwLUltYWdlLTIwMjItMDctMTUtYXQtMTAuNTYuMTguanBlZyIsInNsaWRlc2hvdyI6ImM3YTc0MTgifQ%3D%3D\">\n\t\t\t\t\t<div class=\"e-gallery-image elementor-gallery-item__image\" data-thumbnail=\"https:\/\/acrj.org.br\/wp-content\/uploads\/2022\/07\/WhatsApp-Image-2022-07-15-at-10.56.18.jpeg\" data-width=\"1068\" data-height=\"370\" aria-label=\"\" role=\"img\" ><\/div>\n\t\t\t\t\t\t\t\t\t\t\t<div class=\"elementor-gallery-item__overlay\"><\/div>\n\t\t\t\t\t\t\t\t\t\t\t\t\t\t<\/a>\n\t\t\t\t\t<\/div>\n\t\t\t\t\t<\/div>\n\t\t\t\t<\/div>\n\t\t\t\t\t<\/div>\n\t\t<\/div>\n\t\t\t\t\t<\/div>\n\t\t<\/section>\n\t\t\t\t<\/div>\n\t\t","protected":false},"excerpt":{"rendered":"<p>A oferta de mais empregos e o cen\u00e1rio econ\u00f4mico do Brasil como um todo foi analisado pelo Conselho Empresarial de Pol\u00edticas Econ\u00f4micas da ACRJ em&hellip;<\/p>\n","protected":false},"author":1,"featured_media":12714,"comment_status":"closed","ping_status":"open","sticky":false,"template":"","format":"standard","meta":{"_exactmetrics_skip_tracking":false,"_exactmetrics_sitenote_active":false,"_exactmetrics_sitenote_note":"","_exactmetrics_sitenote_category":0,"footnotes":""},"categories":[10],"tags":[],"class_list":["post-12712","post","type-post","status-publish","format-standard","has-post-thumbnail","hentry","category-noticias"],"_links":{"self":[{"href":"https:\/\/acrj.org.br\/index.php\/wp-json\/wp\/v2\/posts\/12712","targetHints":{"allow":["GET"]}}],"collection":[{"href":"https:\/\/acrj.org.br\/index.php\/wp-json\/wp\/v2\/posts"}],"about":[{"href":"https:\/\/acrj.org.br\/index.php\/wp-json\/wp\/v2\/types\/post"}],"author":[{"embeddable":true,"href":"https:\/\/acrj.org.br\/index.php\/wp-json\/wp\/v2\/users\/1"}],"replies":[{"embeddable":true,"href":"https:\/\/acrj.org.br\/index.php\/wp-json\/wp\/v2\/comments?post=12712"}],"version-history":[{"count":0,"href":"https:\/\/acrj.org.br\/index.php\/wp-json\/wp\/v2\/posts\/12712\/revisions"}],"wp:featuredmedia":[{"embeddable":true,"href":"https:\/\/acrj.org.br\/index.php\/wp-json\/wp\/v2\/media\/12714"}],"wp:attachment":[{"href":"https:\/\/acrj.org.br\/index.php\/wp-json\/wp\/v2\/media?parent=12712"}],"wp:term":[{"taxonomy":"category","embeddable":true,"href":"https:\/\/acrj.org.br\/index.php\/wp-json\/wp\/v2\/categories?post=12712"},{"taxonomy":"post_tag","embeddable":true,"href":"https:\/\/acrj.org.br\/index.php\/wp-json\/wp\/v2\/tags?post=12712"}],"curies":[{"name":"wp","href":"https:\/\/api.w.org\/{rel}","templated":true}]}}