{"id":12671,"date":"2022-07-14T16:18:00","date_gmt":"2022-07-14T19:18:00","guid":{"rendered":"https:\/\/acrj.org.br\/?p=12671"},"modified":"2022-07-21T12:01:21","modified_gmt":"2022-07-21T15:01:21","slug":"rio-info-completa-20-anos-e-tera-evento-presencial","status":"publish","type":"post","link":"https:\/\/acrj.org.br\/index.php\/2022\/07\/14\/rio-info-completa-20-anos-e-tera-evento-presencial\/","title":{"rendered":"Rio Info completa 20 anos e ter\u00e1 evento presencial"},"content":{"rendered":"\n<p>A edi\u00e7\u00e3o de 20 anos do Rio Info 2022 ser\u00e1 realizada dia 12 de setembro, no Hotel Fairmont, e j\u00e1 est\u00e1 com as inscri\u00e7\u00f5es abertas. Depois de dois anos acontecendo de forma on line, o evento este ano ser\u00e1 presencial e conta mais uma vez com o apoio da Associa\u00e7\u00e3o Comercial do Rio de Janeiro.<\/p>\n\n\n\n<p>O Rio Info, o maior evento nacional de neg\u00f3cios e tecnologia, apresenta as principais tend\u00eancias de tecnologia, os nomes da atualidade na inova\u00e7\u00e3o, os grandes temas da sociedade e as melhores oportunidades de neg\u00f3cios. Em um ambiente de neg\u00f3cios t\u00e3o desafiador como o do Brasil, fazer um evento focado em tecnologia e neg\u00f3cios por vinte anos consecutivos, n\u00e3o \u00e9 uma marca f\u00e1cil de ser atingida.<\/p>\n\n\n\n<p>O diretor geral do evento, Alberto Blois, que \u00e9 vice-presidente dos Conselhos Empresariais da ACRJ, destaca que o evento se reiventa a cada ano, tornando-se um exemplo de como as empresas precisam encarar esse per\u00edodo de transi\u00e7\u00e3o que o Brasil e o mundo atravessam. \u201cVamos nos ver, conversar, trocar informa\u00e7\u00f5es, compartilhar e sobretudo fazer neg\u00f3cios\u201d, disse.<br><strong><a href=\"https:\/\/www.sympla.com.br\/evento\/rio-info-2022\/1625649\">Inscri\u00e7\u00f5es aqui<\/a><\/strong><br>Outras informa\u00e7\u00f5es no site: <a href=\"http:\/\/www.rioinfo.com.br\">www.rioinfo.com.br<\/a><\/p>\n","protected":false},"excerpt":{"rendered":"<p>A edi\u00e7\u00e3o de 20 anos do Rio Info 2022 ser\u00e1 realizada dia 12 de setembro, no Hotel Fairmont, e j\u00e1 est\u00e1 com as inscri\u00e7\u00f5es abertas.&hellip;<\/p>\n","protected":false},"author":3,"featured_media":12673,"comment_status":"closed","ping_status":"closed","sticky":false,"template":"","format":"standard","meta":{"_exactmetrics_skip_tracking":false,"_exactmetrics_sitenote_active":false,"_exactmetrics_sitenote_note":"","_exactmetrics_sitenote_category":0,"footnotes":""},"categories":[10],"tags":[],"class_list":["post-12671","post","type-post","status-publish","format-standard","has-post-thumbnail","hentry","category-noticias"],"_links":{"self":[{"href":"https:\/\/acrj.org.br\/index.php\/wp-json\/wp\/v2\/posts\/12671","targetHints":{"allow":["GET"]}}],"collection":[{"href":"https:\/\/acrj.org.br\/index.php\/wp-json\/wp\/v2\/posts"}],"about":[{"href":"https:\/\/acrj.org.br\/index.php\/wp-json\/wp\/v2\/types\/post"}],"author":[{"embeddable":true,"href":"https:\/\/acrj.org.br\/index.php\/wp-json\/wp\/v2\/users\/3"}],"replies":[{"embeddable":true,"href":"https:\/\/acrj.org.br\/index.php\/wp-json\/wp\/v2\/comments?post=12671"}],"version-history":[{"count":0,"href":"https:\/\/acrj.org.br\/index.php\/wp-json\/wp\/v2\/posts\/12671\/revisions"}],"wp:featuredmedia":[{"embeddable":true,"href":"https:\/\/acrj.org.br\/index.php\/wp-json\/wp\/v2\/media\/12673"}],"wp:attachment":[{"href":"https:\/\/acrj.org.br\/index.php\/wp-json\/wp\/v2\/media?parent=12671"}],"wp:term":[{"taxonomy":"category","embeddable":true,"href":"https:\/\/acrj.org.br\/index.php\/wp-json\/wp\/v2\/categories?post=12671"},{"taxonomy":"post_tag","embeddable":true,"href":"https:\/\/acrj.org.br\/index.php\/wp-json\/wp\/v2\/tags?post=12671"}],"curies":[{"name":"wp","href":"https:\/\/api.w.org\/{rel}","templated":true}]}}